{"id":395168,"date":"2025-09-04T02:49:12","date_gmt":"2025-09-04T02:49:12","guid":{"rendered":"https:\/\/www.europesays.com\/de\/395168\/"},"modified":"2025-09-04T02:49:12","modified_gmt":"2025-09-04T02:49:12","slug":"kirche-ein-besonderer-besuch-fuer-die-pfarrei-st-johann","status":"publish","type":"post","link":"https:\/\/www.europesays.com\/de\/395168\/","title":{"rendered":"Kirche: Ein besonderer Besuch f\u00fcr die Pfarrei St. Johann"},"content":{"rendered":"<p>                    \u201eKirche muss zuh\u00f6ren &#8211; mitten in den Sorgen der Menschen\u201c<\/p>\n<p>Am Mittwoch, 3. September 2025, begann die offizielle Visitation der Pfarrei St. Johann durch Bischof Dr. Franz-Josef Overbeck. Den Auftakt bildete ein Treffen mit dem Pastoralteam in der neuen Rekreation des Pr\u00e4monstratenserklosters. In offener Atmosph\u00e4re kam es bei Kaffee und Kuchen zu ersten Gespr\u00e4chen \u00fcber die Situation in Pfarrei und Stadtkirche.<\/p>\n<p>Soziale Herausforderungen im Mittelpunkt<\/p>\n<p>Zur Sprache kamen dabei auch dr\u00e4ngende soziale Fragen: die wachsende Armut, besonders die Altersarmut, die Sorge um steigende Arbeitslosigkeit sowie die Tatsache, dass soziale Projekte immer weniger Spenden und kaum noch staatliche F\u00f6rderungen erhalten. Der Bischof nahm die Anliegen aufmerksam auf und zeigte Verst\u00e4ndnis f\u00fcr die Herausforderungen, denen die Kirche in Duisburg und im Ruhrgebiet gegen\u00fcbersteht.<\/p>\n<p>Feierliche Messe und Austausch<\/p>\n<p>Am Abend versammelten sich zahlreiche Gl\u00e4ubige in der Abteikirche Hamborn, um gemeinsam mit dem Bischof die heilige Messe zu feiern. Overbeck nahm dabei die Liturgie des Tagesheiligen Papst Gregor des Gro\u00dfen auf, der f\u00fcr seinen tiefen Glauben und seine F\u00e4higkeit zur Erneuerung in schwierigen Zeiten steht.<\/p>\n<p>Im Anschluss an die Feier folgte ein erstes Gespr\u00e4ch mit Kirchenvorstand und Pfarrgemeinderat. Die Visitation, die bis Januar 2026 andauern wird, soll eine Zeit des Hinh\u00f6rens, der geistlichen Vertiefung und der Ermutigung sein.<\/p>\n<p>                <a id=\"like-anchor\"\/><\/p>\n<p>                    Dieser Inhalt gef\u00e4llt Ihnen?<\/p>\n<p>Melden Sie sich an, um diesen Inhalt mit \u00abGef\u00e4llt mir\u00bb zu markieren.<\/p>\n<p>            \u00d7<\/p>\n<p>        <a href=\"#\" data-trigger-click-on-space-or-enter=\"\" class=\"button ggm-like-button hollow\" title=\"Gef\u00e4llt mir\" data-open=\"like-conversion-68b8fe25de385\"><\/p>\n<p>        <\/a><\/p>\n<p>\n        Gef\u00e4llt <strong>1<\/strong> mal<br \/>\n        1\n    <\/p>\n<p>            <a href=\"https:\/\/www.lokalkompass.de\/duisburg\/profile-490825\/pater-tobias-breer\" class=\"stop-click-event-propagation\" rel=\"nofollow noopener\" target=\"_blank\">    <\/p>\n<p>                                                                            <img class=\"imagecontainer\" decoding=\"auto\" data-aspect-ratio=\"0.666666667\" src=\"https:\/\/media04.lokalkompass.de\/user\/2025\/07\/14\/5\/116215_L.webp?1752500045\" style=\"object-position: 54% 38%;\" data-object-position=\"54% 38%\" bad-src=\"data:image\/gif;base64,R0lGODlhAQABAIAAAAAAAP\/\/\/yH5BAEAAAAALAAAAAABAAEAAAIBRAA7\"\/><\/p>\n<p>        <\/a><\/p>\n<p>                    Sie m\u00f6chten diesem Profil folgen?<\/p>\n<p>Verpassen Sie nicht die neuesten Inhalte von diesem Profil: Melden Sie sich an, um neuen Inhalten von Profilen und Orten in Ihrem <strong>pers\u00f6nlichen Feed<\/strong> zu folgen.<\/p>\n<p>            \u00d7<\/p>\n<p>\n            <strong>Eine\/r<\/strong> folgt diesem Profil\n        <\/p>\n","protected":false},"excerpt":{"rendered":"\u201eKirche muss zuh\u00f6ren &#8211; mitten in den Sorgen der Menschen\u201c Am Mittwoch, 3. September 2025, begann die offizielle&hellip;\n","protected":false},"author":2,"featured_media":395169,"comment_status":"","ping_status":"","sticky":false,"template":"","format":"standard","meta":{"footnotes":""},"categories":[1838],"tags":[3364,29,3715,30,1209],"class_list":{"0":"post-395168","1":"post","2":"type-post","3":"status-publish","4":"format-standard","5":"has-post-thumbnail","7":"category-duisburg","8":"tag-de","9":"tag-deutschland","10":"tag-duisburg","11":"tag-germany","12":"tag-nordrhein-westfalen"},"share_on_mastodon":{"url":"https:\/\/pubeurope.com\/@de\/115143754676839601","error":""},"_links":{"self":[{"href":"https:\/\/www.europesays.com\/de\/wp-json\/wp\/v2\/posts\/395168","targetHints":{"allow":["GET"]}}],"collection":[{"href":"https:\/\/www.europesays.com\/de\/wp-json\/wp\/v2\/posts"}],"about":[{"href":"https:\/\/www.europesays.com\/de\/wp-json\/wp\/v2\/types\/post"}],"author":[{"embeddable":true,"href":"https:\/\/www.europesays.com\/de\/wp-json\/wp\/v2\/users\/2"}],"replies":[{"embeddable":true,"href":"https:\/\/www.europesays.com\/de\/wp-json\/wp\/v2\/comments?post=395168"}],"version-history":[{"count":0,"href":"https:\/\/www.europesays.com\/de\/wp-json\/wp\/v2\/posts\/395168\/revisions"}],"wp:featuredmedia":[{"embeddable":true,"href":"https:\/\/www.europesays.com\/de\/wp-json\/wp\/v2\/media\/395169"}],"wp:attachment":[{"href":"https:\/\/www.europesays.com\/de\/wp-json\/wp\/v2\/media?parent=395168"}],"wp:term":[{"taxonomy":"category","embeddable":true,"href":"https:\/\/www.europesays.com\/de\/wp-json\/wp\/v2\/categories?post=395168"},{"taxonomy":"post_tag","embeddable":true,"href":"https:\/\/www.europesays.com\/de\/wp-json\/wp\/v2\/tags?post=395168"}],"curies":[{"name":"wp","href":"https:\/\/api.w.org\/{rel}","templated":true}]}}