{"id":395180,"date":"2025-09-04T03:00:38","date_gmt":"2025-09-04T03:00:38","guid":{"rendered":"https:\/\/www.europesays.com\/de\/395180\/"},"modified":"2025-09-04T03:00:38","modified_gmt":"2025-09-04T03:00:38","slug":"hier-spielen-die-acht-sommer-abgaenge-jetzt","status":"publish","type":"post","link":"https:\/\/www.europesays.com\/de\/395180\/","title":{"rendered":"Hier spielen die acht Sommer-Abg\u00e4nge jetzt"},"content":{"rendered":"<p class=\"Textstyled__Text-sc-1cqv9mi-0 dKgfuR\">Dresden. Der ganz gro\u00dfe Umbruch blieb nach dem Aufstieg in die 2. Bundesliga bei Dynamo Dresden zwar aus, doch neben acht Neuzug\u00e4ngen verlie\u00dfen auch acht Spieler den Verein im Sommer. Was alle vereint: Entweder wurden ihre Vertr\u00e4ge nicht verl\u00e4ngert oder ihnen ein Wechsel nahegelegt. Gegen den Willen der sportlichen Leitung verlie\u00df niemand das Team. <\/p>\n<p class=\"Textstyled__Text-sc-1cqv9mi-0 dKgfuR\">F\u00fcr manchen Abg\u00e4nger erwies sich der Transfer, das l\u00e4sst sich bereits nach wenigen Wochen sagen, als Gl\u00fccksfall. Andere warten noch auf den gro\u00dfen Durchbruch \u2013 die \u00dcbersicht.<\/p>\n<p>Das lesen Sie in diesem Text:Die Durchstarter: Ein Trio schie\u00dft Tore zum Einstand<\/p>\n","protected":false},"excerpt":{"rendered":"Dresden. Der ganz gro\u00dfe Umbruch blieb nach dem Aufstieg in die 2. Bundesliga bei Dynamo Dresden zwar aus,&hellip;\n","protected":false},"author":2,"featured_media":395181,"comment_status":"","ping_status":"","sticky":false,"template":"","format":"standard","meta":{"footnotes":""},"categories":[1835],"tags":[3364,29,2386,30,859],"class_list":{"0":"post-395180","1":"post","2":"type-post","3":"status-publish","4":"format-standard","5":"has-post-thumbnail","7":"category-dresden","8":"tag-de","9":"tag-deutschland","10":"tag-dresden","11":"tag-germany","12":"tag-sachsen"},"share_on_mastodon":{"url":"https:\/\/pubeurope.com\/@de\/115143797852919342","error":""},"_links":{"self":[{"href":"https:\/\/www.europesays.com\/de\/wp-json\/wp\/v2\/posts\/395180","targetHints":{"allow":["GET"]}}],"collection":[{"href":"https:\/\/www.europesays.com\/de\/wp-json\/wp\/v2\/posts"}],"about":[{"href":"https:\/\/www.europesays.com\/de\/wp-json\/wp\/v2\/types\/post"}],"author":[{"embeddable":true,"href":"https:\/\/www.europesays.com\/de\/wp-json\/wp\/v2\/users\/2"}],"replies":[{"embeddable":true,"href":"https:\/\/www.europesays.com\/de\/wp-json\/wp\/v2\/comments?post=395180"}],"version-history":[{"count":0,"href":"https:\/\/www.europesays.com\/de\/wp-json\/wp\/v2\/posts\/395180\/revisions"}],"wp:featuredmedia":[{"embeddable":true,"href":"https:\/\/www.europesays.com\/de\/wp-json\/wp\/v2\/media\/395181"}],"wp:attachment":[{"href":"https:\/\/www.europesays.com\/de\/wp-json\/wp\/v2\/media?parent=395180"}],"wp:term":[{"taxonomy":"category","embeddable":true,"href":"https:\/\/www.europesays.com\/de\/wp-json\/wp\/v2\/categories?post=395180"},{"taxonomy":"post_tag","embeddable":true,"href":"https:\/\/www.europesays.com\/de\/wp-json\/wp\/v2\/tags?post=395180"}],"curies":[{"name":"wp","href":"https:\/\/api.w.org\/{rel}","templated":true}]}}