{"id":395185,"date":"2025-09-04T03:03:21","date_gmt":"2025-09-04T03:03:21","guid":{"rendered":"https:\/\/www.europesays.com\/de\/395185\/"},"modified":"2025-09-04T03:03:21","modified_gmt":"2025-09-04T03:03:21","slug":"auf-essens-burgplatz-mitmach-aktionen-und-u16-wahl","status":"publish","type":"post","link":"https:\/\/www.europesays.com\/de\/395185\/","title":{"rendered":"Auf Essens Burgplatz: Mitmach-Aktionen und U16-Wahl"},"content":{"rendered":"<p class=\"expressive-copy-lg-body\">Zu einem Demokratiefest laden katholische Einrichtungen am Mittwoch ein, 3. September, ab 17 Uhr auf dem Burgplatz. Die Caritas und der Bund der Deutschen Katholischen Jugend (BDKJ) sprechen vor allem junge Erwachsene, Jugendliche und Familie an.<\/p>\n<p>   Essen-Newsletter: Jetzt kostenlos anmelden!<\/p>\n<p class=\"text-body2 mt-2\">Nachrichten, Service, Reportagen: Jeden Tag wissen, was in unserer Stadt los ist.<\/p>\n<p class=\"text-caption text-copy-secondary\">\n          Mit meiner Anmeldung zum Newsletter stimme ich der<br \/>\n          <a href=\"https:\/\/www.waz.de\/services\/newsletter-adconsent\" class=\"text-overline text-copy-accent-negative dark:underline\" rel=\"nofollow noopener\" target=\"_blank\">Werbevereinbarung<\/a><br \/>\n          zu.\n        <\/p>\n<p class=\"expressive-copy-lg-body\"><strong>Essen-Newsletter: <\/strong><a href=\"https:\/\/abo-funkemedien.de\/?k=2025%2FNewsletter_WAZ%2FEssen_WAZ_Landingpage%2F1%2Fwaz\" target=\"_blank\" rel=\"nofollow noopener\">hier abonnieren<\/a> | <strong>Social Media:<\/strong> <a href=\"https:\/\/www.facebook.com\/WAZEssen\" target=\"_blank\" rel=\"nofollow noopener\">Facebook<\/a>, <a href=\"https:\/\/www.instagram.com\/waz_essen\/\" target=\"_blank\" rel=\"nofollow noopener\">Instagram<\/a> &amp; <a href=\"https:\/\/www.whatsapp.com\/channel\/0029VaNmPLK9xVJlCV8WcH2c\" target=\"_blank\" rel=\"nofollow noopener\">WhatsApp<\/a> | <strong>Unsere Schwerpunkte: <\/strong><a href=\"https:\/\/www.waz.de\/staedte\/essen\/blaulicht\/\" target=\"_blank\" rel=\"nofollow noopener\">Polizei- und Feuerwehr<\/a> + <a href=\"https:\/\/www.waz.de\/thema\/innenstadt-einkaufen-essen\/\" target=\"_blank\" rel=\"nofollow noopener\">Innenstadt<\/a> + <a href=\"https:\/\/www.waz.de\/sport\/fussball\/rwe\/\" target=\"_blank\" rel=\"nofollow noopener\">Rot-Weiss Essen<\/a> + <a href=\"https:\/\/www.waz.de\/sport\/lokalsport\/essen\/\" target=\"_blank\" rel=\"nofollow noopener\">Lokalsport<\/a> | <strong>Nachrichten <a href=\"https:\/\/www.waz.de\/lokales\/essen\/\" target=\"_blank\" rel=\"nofollow noopener\">aus ganz Essen<\/a>: <\/strong><a href=\"https:\/\/www.waz.de\/staedte\/essen\/sued\/\" target=\"_blank\" rel=\"nofollow noopener\">S\u00fcd<\/a> + <a href=\"https:\/\/www.waz.de\/staedte\/essen\/ruettenscheid-suedviertel-holsterhausen\/\" target=\"_blank\" rel=\"nofollow noopener\">R\u00fcttenscheid<\/a> + <a href=\"https:\/\/www.waz.de\/staedte\/essen\/nord\/\" target=\"_blank\" rel=\"nofollow noopener\">Nord<\/a> + <a href=\"https:\/\/www.waz.de\/staedte\/essen\/ost\/\" target=\"_blank\" rel=\"nofollow noopener\">Ost<\/a> + <a href=\"https:\/\/www.waz.de\/staedte\/essen\/kettwig-und-werden\/\" target=\"_blank\" rel=\"nofollow noopener\">Kettwig und Werden<\/a> + <a href=\"https:\/\/www.waz.de\/staedte\/essen\/borbeck-und-west\/\" target=\"_blank\" rel=\"nofollow noopener\">Borbeck und West<\/a> +++<\/p>\n<p>    Auch interessant<\/p>\n<p>    <img decoding=\"async\" src=\"https:\/\/www.europesays.com\/de\/wp-content\/uploads\/2025\/09\/409604649_1753530283_v16_9_1200.jpeg\" class=\"block w-full object-cover relative z-10 aspect-[1\/1] \" alt=\"Wahlsonntag \/ Bundestagswahl in Essen: Ausz\u00e4hlung Briefwahl in der Messehalle 1a\" title=\"Tausende Essenerinnen und Essener werden bei der Kommunalwahl 2025 ihre Stimmen abgeben.\" loading=\"lazy\"\/><\/p>\n<p class=\"expressive-copy-lg-body\">Das Motto hei\u00dft \u201eMensch Leute! W\u00e4hlt Freiheit!\u201c. \u201eDas Fest bietet zahlreiche Gelegenheiten, spielerisch und kreativ \u00fcber den Wert der Demokratie, Vielfalt und gesellschaftlichen Zusammenhalt ins Gespr\u00e4ch zu kommen und sich so gemeinsam auf die Kommunalwahl am 14. September einzustimmen\u201c, hei\u00dft es in iiner Mitteilung. <\/p>\n<p>Viele Verb\u00e4nde laden zu Mitmach-Aktionen ein<\/p>\n<p class=\"expressive-copy-lg-body\">Zahlreiche Verb\u00e4nde, Vereine und Organisationen \u2013 darunter \u201eyoungcaritas\u201c, die Freiwilligendienste im Bistum Essen, das Mehrgenerationenhaus, die Mitmach-Agentur oder das Begegnungsangebot Mobilitea \u2013 laden zu vielen verschiedenen Mitmachaktionen ein. Neben einem Demokratie-Quiz, einer Graffiti- und Fotowand, Glitzer-Tattoos und einer Kunstaktion mit einer ukrainischen K\u00fcnstlerin gibt es viele weitere kreative Angebote. Ein H\u00f6hepunkt ist das U16-Wahllokal: Hier k\u00f6nnen Kinder und Jugendliche unter 16 Jahren, die offiziell noch nicht w\u00e4hlen d\u00fcrfen, ihre Stimme f\u00fcr die Kommunalwahl abgeben. Die Ergebnisse vom Demokratiefest flie\u00dfen in die landesweiten Resultate der U16-Wahl ein.<\/p>\n<p class=\"expressive-copy-lg-body\">Das Fest l\u00e4uft von 17 bis 20 Uhr.<\/p>\n<p>    <script async src=\"\/\/www.instagram.com\/embed.js\"><\/script><\/p>\n","protected":false},"excerpt":{"rendered":"Zu einem Demokratiefest laden katholische Einrichtungen am Mittwoch ein, 3. September, ab 17 Uhr auf dem Burgplatz. Die&hellip;\n","protected":false},"author":2,"featured_media":395186,"comment_status":"","ping_status":"","sticky":false,"template":"","format":"standard","meta":{"footnotes":""},"categories":[1834],"tags":[3364,29,3688,30,1209],"class_list":{"0":"post-395185","1":"post","2":"type-post","3":"status-publish","4":"format-standard","5":"has-post-thumbnail","7":"category-essen","8":"tag-de","9":"tag-deutschland","10":"tag-essen","11":"tag-germany","12":"tag-nordrhein-westfalen"},"share_on_mastodon":{"url":"https:\/\/pubeurope.com\/@de\/115143809980587661","error":""},"_links":{"self":[{"href":"https:\/\/www.europesays.com\/de\/wp-json\/wp\/v2\/posts\/395185","targetHints":{"allow":["GET"]}}],"collection":[{"href":"https:\/\/www.europesays.com\/de\/wp-json\/wp\/v2\/posts"}],"about":[{"href":"https:\/\/www.europesays.com\/de\/wp-json\/wp\/v2\/types\/post"}],"author":[{"embeddable":true,"href":"https:\/\/www.europesays.com\/de\/wp-json\/wp\/v2\/users\/2"}],"replies":[{"embeddable":true,"href":"https:\/\/www.europesays.com\/de\/wp-json\/wp\/v2\/comments?post=395185"}],"version-history":[{"count":0,"href":"https:\/\/www.europesays.com\/de\/wp-json\/wp\/v2\/posts\/395185\/revisions"}],"wp:featuredmedia":[{"embeddable":true,"href":"https:\/\/www.europesays.com\/de\/wp-json\/wp\/v2\/media\/395186"}],"wp:attachment":[{"href":"https:\/\/www.europesays.com\/de\/wp-json\/wp\/v2\/media?parent=395185"}],"wp:term":[{"taxonomy":"category","embeddable":true,"href":"https:\/\/www.europesays.com\/de\/wp-json\/wp\/v2\/categories?post=395185"},{"taxonomy":"post_tag","embeddable":true,"href":"https:\/\/www.europesays.com\/de\/wp-json\/wp\/v2\/tags?post=395185"}],"curies":[{"name":"wp","href":"https:\/\/api.w.org\/{rel}","templated":true}]}}