{"id":395187,"date":"2025-09-04T03:04:24","date_gmt":"2025-09-04T03:04:24","guid":{"rendered":"https:\/\/www.europesays.com\/de\/395187\/"},"modified":"2025-09-04T03:04:24","modified_gmt":"2025-09-04T03:04:24","slug":"80-aussteller-bei-neuer-ruestungs-messe-in-essen","status":"publish","type":"post","link":"https:\/\/www.europesays.com\/de\/395187\/","title":{"rendered":"80 Aussteller bei neuer R\u00fcstungs-Messe in Essen"},"content":{"rendered":"<p class=\"expressive-copy-lg-body\">Ein Jahr vor dem Start <a href=\"https:\/\/www.waz.de\/lokales\/essen\/article407408245\/messe-essen-wird-zentrale-plattform-der-ruestungsindustrie.html\" data-category-full-path=\"https:\/\/www.waz.de\/lokales\/essen\/\" data-paid-status=\"premium\" data-article-publish-date=\"1728652876\" rel=\"nofollow noopener\" target=\"_blank\">der neuen R\u00fcstungs-Messe \u201eEuro Defence Expo\u201c (Eudex),<\/a> die im September 2026 erstmals stattfinden wird, h\u00e4tten sich bereits 80 Aussteller angemeldet. Das berichtet die Messe Essen. Vom 22. bis 25. September 2026 hat die \u201eneue internationale Fachmesse der Verteidigungsindustrie ihre Premiere in der Messe Essen\u201c, hei\u00dft es. Die Messe sei ein Jahr vor dem Start \u201evoll auf Kurs\u201c. Die Aussteller, die bisher zugesagt haben, k\u00e4men aus zw\u00f6lf L\u00e4ndern, darunter Belgien, Deutschland, Indien, den Niederlanden, Polen, der Ukraine und den USA. Aus Deutschland hat zum Beispiel der Gewehr-Hersteller Heckler &amp; Koch zugesagt.<\/p>\n<p>   Essen-Newsletter: Jetzt kostenlos anmelden!<\/p>\n<p class=\"text-body2 mt-2\">Nachrichten, Service, Reportagen: Jeden Tag wissen, was in unserer Stadt los ist.<\/p>\n<p class=\"text-caption text-copy-secondary\">\n          Mit meiner Anmeldung zum Newsletter stimme ich der<br \/>\n          <a href=\"https:\/\/www.waz.de\/services\/newsletter-adconsent\" class=\"text-overline text-copy-accent-negative dark:underline\" rel=\"nofollow noopener\" target=\"_blank\">Werbevereinbarung<\/a><br \/>\n          zu.\n        <\/p>\n<p class=\"expressive-copy-lg-body\"><strong>Essen-Newsletter: <\/strong><a href=\"https:\/\/abo-funkemedien.de\/?k=2025%2FNewsletter_WAZ%2FEssen_WAZ_Landingpage%2F1%2Fwaz\" target=\"_blank\" rel=\"nofollow noopener\">hier abonnieren<\/a> | <strong>Social Media:<\/strong> <a href=\"https:\/\/www.facebook.com\/WAZEssen\" target=\"_blank\" rel=\"nofollow noopener\">Facebook<\/a>, <a href=\"https:\/\/www.instagram.com\/waz_essen\/\" target=\"_blank\" rel=\"nofollow noopener\">Instagram<\/a> &amp; <a href=\"https:\/\/www.whatsapp.com\/channel\/0029VaNmPLK9xVJlCV8WcH2c\" target=\"_blank\" rel=\"nofollow noopener\">WhatsApp<\/a> | <strong>Unsere Schwerpunkte: <\/strong><a href=\"https:\/\/www.waz.de\/staedte\/essen\/blaulicht\/\" target=\"_blank\" rel=\"nofollow noopener\">Polizei- und Feuerwehr<\/a> + <a href=\"https:\/\/www.waz.de\/thema\/innenstadt-einkaufen-essen\/\" target=\"_blank\" rel=\"nofollow noopener\">Innenstadt<\/a> + <a href=\"https:\/\/www.waz.de\/sport\/fussball\/rwe\/\" target=\"_blank\" rel=\"nofollow noopener\">Rot-Weiss Essen<\/a> + <a href=\"https:\/\/www.waz.de\/sport\/lokalsport\/essen\/\" target=\"_blank\" rel=\"nofollow noopener\">Lokalsport<\/a> | <strong>Nachrichten <a href=\"https:\/\/www.waz.de\/lokales\/essen\/\" target=\"_blank\" rel=\"nofollow noopener\">aus ganz Essen<\/a>: <\/strong><a href=\"https:\/\/www.waz.de\/staedte\/essen\/sued\/\" target=\"_blank\" rel=\"nofollow noopener\">S\u00fcd<\/a> + <a href=\"https:\/\/www.waz.de\/staedte\/essen\/ruettenscheid-suedviertel-holsterhausen\/\" target=\"_blank\" rel=\"nofollow noopener\">R\u00fcttenscheid<\/a> + <a href=\"https:\/\/www.waz.de\/staedte\/essen\/nord\/\" target=\"_blank\" rel=\"nofollow noopener\">Nord<\/a> + <a href=\"https:\/\/www.waz.de\/staedte\/essen\/ost\/\" target=\"_blank\" rel=\"nofollow noopener\">Ost<\/a> + <a href=\"https:\/\/www.waz.de\/staedte\/essen\/kettwig-und-werden\/\" target=\"_blank\" rel=\"nofollow noopener\">Kettwig und Werden<\/a> + <a href=\"https:\/\/www.waz.de\/staedte\/essen\/borbeck-und-west\/\" target=\"_blank\" rel=\"nofollow noopener\">Borbeck und West<\/a> +++<\/p>\n<p>Weiterentwicklung der Messe \u201eSecurity\u201c<\/p>\n<p class=\"expressive-copy-lg-body\">Die \u201eEuro Defence Expo\u201c<a href=\"https:\/\/www.waz.de\/staedte\/essen\/article236489699\/Essen-Security-Messe-wird-erweitert-um-zivile-Verteidigung.html\" data-category-full-path=\"\/staedte\/essen\/\" data-paid-status=\"default\" data-article-publish-date=\"1663775275\" target=\"_blank\" rel=\"nofollow noopener\"> findet zeitgleich zur lange etablierten Sicherheitsmesse \u201eSecurity\u201c statt. <\/a>Auch das Bundesministerium werde die Messe \u201ehochrangig begleiten\u201c, teilt die Messe mit. Man freue sich \u201e\u00fcber dieses starke Signal, das eine elementare Legitimation darstellt.\u201c Zeitgleich zur \u201eEudex\u201c findet eine Jahreskonferenz des \u201eNato Joint Air Power Competence Center\u201c statt, zu der 400 hochrangige Milit\u00e4rvertreter aus den 32 Nato-Mitgliedsnationen erwartet werden.<\/p>\n<p class=\"expressive-copy-lg-body\"><strong>Lesen Sie auch:<\/strong><\/p>\n<p class=\"expressive-copy-lg-body\">Messe-Chef Oliver P. Kuhrt nannte bereits im Herbst 2024 <a href=\"https:\/\/www.waz.de\/staedte\/essen\/article11938476\/mit-der-sicherheitsmesse-security-trifft-die-messe-essen-den-nerv-der-zeit.html\" data-category-full-path=\"\/staedte\/essen\/\" data-paid-status=\"default\" data-article-publish-date=\"1466582400\" target=\"_blank\" rel=\"nofollow noopener\">das neue Sicherheits-Messenkonzept<\/a> \u201eein einzigartiges, hochspannendes Messeformat aus milit\u00e4rischer und ziviler Leistungsschau plus begleitender Konferenz\u201c. Das Konzept integriere alle gesellschaftlichen Akteure, \u201eum Demokratie, Sicherheit und Freiheit gegen jegliche Bedrohung zu sch\u00fctzen \u2013 von hybriden Aktivit\u00e4ten \u00fcber Cyber-Attacken bis hin zur offenen milit\u00e4rischen Konfrontation.\u201c <\/p>\n<p>    <script async src=\"\/\/www.instagram.com\/embed.js\"><\/script><\/p>\n","protected":false},"excerpt":{"rendered":"Ein Jahr vor dem Start der neuen R\u00fcstungs-Messe \u201eEuro Defence Expo\u201c (Eudex), die im September 2026 erstmals stattfinden&hellip;\n","protected":false},"author":2,"featured_media":395188,"comment_status":"","ping_status":"","sticky":false,"template":"","format":"standard","meta":{"footnotes":""},"categories":[1834],"tags":[3364,29,3688,30,1209],"class_list":{"0":"post-395187","1":"post","2":"type-post","3":"status-publish","4":"format-standard","5":"has-post-thumbnail","7":"category-essen","8":"tag-de","9":"tag-deutschland","10":"tag-essen","11":"tag-germany","12":"tag-nordrhein-westfalen"},"share_on_mastodon":{"url":"https:\/\/pubeurope.com\/@de\/115143813679216145","error":""},"_links":{"self":[{"href":"https:\/\/www.europesays.com\/de\/wp-json\/wp\/v2\/posts\/395187","targetHints":{"allow":["GET"]}}],"collection":[{"href":"https:\/\/www.europesays.com\/de\/wp-json\/wp\/v2\/posts"}],"about":[{"href":"https:\/\/www.europesays.com\/de\/wp-json\/wp\/v2\/types\/post"}],"author":[{"embeddable":true,"href":"https:\/\/www.europesays.com\/de\/wp-json\/wp\/v2\/users\/2"}],"replies":[{"embeddable":true,"href":"https:\/\/www.europesays.com\/de\/wp-json\/wp\/v2\/comments?post=395187"}],"version-history":[{"count":0,"href":"https:\/\/www.europesays.com\/de\/wp-json\/wp\/v2\/posts\/395187\/revisions"}],"wp:featuredmedia":[{"embeddable":true,"href":"https:\/\/www.europesays.com\/de\/wp-json\/wp\/v2\/media\/395188"}],"wp:attachment":[{"href":"https:\/\/www.europesays.com\/de\/wp-json\/wp\/v2\/media?parent=395187"}],"wp:term":[{"taxonomy":"category","embeddable":true,"href":"https:\/\/www.europesays.com\/de\/wp-json\/wp\/v2\/categories?post=395187"},{"taxonomy":"post_tag","embeddable":true,"href":"https:\/\/www.europesays.com\/de\/wp-json\/wp\/v2\/tags?post=395187"}],"curies":[{"name":"wp","href":"https:\/\/api.w.org\/{rel}","templated":true}]}}