{"id":395193,"date":"2025-09-04T03:07:10","date_gmt":"2025-09-04T03:07:10","guid":{"rendered":"https:\/\/www.europesays.com\/de\/395193\/"},"modified":"2025-09-04T03:07:10","modified_gmt":"2025-09-04T03:07:10","slug":"was-halten-sachsen-vom-neuen-kurs-beim-wehrdienst","status":"publish","type":"post","link":"https:\/\/www.europesays.com\/de\/395193\/","title":{"rendered":"Was halten Sachsen vom neuen Kurs beim Wehrdienst?"},"content":{"rendered":"<p>Soldaten wollen Deutschland und seine demokratischen Werte verteidigen. Andere warnen vor Militarisierung oder mahnen Gerechtigkeit zwischen Generationen an. Was junge Sachsen zum neuen Wehrdienst sagen.<\/p>\n<p class=\"Textstyled__Text-sc-1cqv9mi-0 dKgfuR\">Dresden. Deutschland braucht eine gr\u00f6\u00dfere, schlagkr\u00e4ftigere Bundeswehr. Daran zweifeln nur ausgewiesene Pazifisten. In der Bundeswehr wurde eine n\u00f6tige Personalst\u00e4rke von <a href=\"https:\/\/www.rnd.de\/politik\/kabinett-beschliesst-gesetz-fuer-neuen-wehrdienst-SBWQMCO2GZANHB6CEOG7QDPRQI.html\" target=\"_self\" rel=\"nofollow noopener\" title=\"https:\/\/www.rnd.de\/politik\/kabinett-beschliesst-gesetz-fuer-neuen-wehrdienst-SBWQMCO2GZANHB6CEOG7QDPRQI.html\" data-vars-event-category=\"intext_link\" data-vars-event-action=\"click\" data-vars-event-label=\"https:\/\/www.rnd.de\/politik\/kabinett-beschliesst-gesetz-fuer-neuen-wehrdienst-SBWQMCO2GZANHB6CEOG7QDPRQI.html\">260.000 M\u00e4nnern und Frauen in der stehenden Truppe<\/a> ausgemacht. Derzeit sind es rund 182.000.<\/p>\n<p class=\"Textstyled__Text-sc-1cqv9mi-0 dKgfuR\">Trotz aller Werbema\u00dfnahmen hat es die Bundeswehr nicht geschafft, das Personal entsprechend aufzustocken. Die Bundesregierung will nun ab 2026 einen neuen Wehrdienst einf\u00fchren \u2013 freiwillig, aber mit einem verpflichtenden Fragebogen f\u00fcr junge M\u00e4nner ab dem Jahrgang 2008. Das ist noch von der Zustimmung im Bundestag abh\u00e4ngig.<\/p>\n<p>Wehrdienst ist wichtig<\/p>\n<p class=\"Textstyled__Text-sc-1cqv9mi-0 dKgfuR\">Geplant ist, mit 15.000 neuen Wehrdienstleistenden zu beginnen und eine verpflichtende Musterung ab 2027 einzuf\u00fchren. Was sagen junge Menschen in Sachsen dazu?<\/p>\n","protected":false},"excerpt":{"rendered":"Soldaten wollen Deutschland und seine demokratischen Werte verteidigen. Andere warnen vor Militarisierung oder mahnen Gerechtigkeit zwischen Generationen an.&hellip;\n","protected":false},"author":2,"featured_media":395194,"comment_status":"","ping_status":"","sticky":false,"template":"","format":"standard","meta":{"footnotes":""},"categories":[1832],"tags":[3364,29,30,71,859],"class_list":{"0":"post-395193","1":"post","2":"type-post","3":"status-publish","4":"format-standard","5":"has-post-thumbnail","7":"category-leipzig","8":"tag-de","9":"tag-deutschland","10":"tag-germany","11":"tag-leipzig","12":"tag-sachsen"},"share_on_mastodon":{"url":"https:\/\/pubeurope.com\/@de\/115143825523244947","error":""},"_links":{"self":[{"href":"https:\/\/www.europesays.com\/de\/wp-json\/wp\/v2\/posts\/395193","targetHints":{"allow":["GET"]}}],"collection":[{"href":"https:\/\/www.europesays.com\/de\/wp-json\/wp\/v2\/posts"}],"about":[{"href":"https:\/\/www.europesays.com\/de\/wp-json\/wp\/v2\/types\/post"}],"author":[{"embeddable":true,"href":"https:\/\/www.europesays.com\/de\/wp-json\/wp\/v2\/users\/2"}],"replies":[{"embeddable":true,"href":"https:\/\/www.europesays.com\/de\/wp-json\/wp\/v2\/comments?post=395193"}],"version-history":[{"count":0,"href":"https:\/\/www.europesays.com\/de\/wp-json\/wp\/v2\/posts\/395193\/revisions"}],"wp:featuredmedia":[{"embeddable":true,"href":"https:\/\/www.europesays.com\/de\/wp-json\/wp\/v2\/media\/395194"}],"wp:attachment":[{"href":"https:\/\/www.europesays.com\/de\/wp-json\/wp\/v2\/media?parent=395193"}],"wp:term":[{"taxonomy":"category","embeddable":true,"href":"https:\/\/www.europesays.com\/de\/wp-json\/wp\/v2\/categories?post=395193"},{"taxonomy":"post_tag","embeddable":true,"href":"https:\/\/www.europesays.com\/de\/wp-json\/wp\/v2\/tags?post=395193"}],"curies":[{"name":"wp","href":"https:\/\/api.w.org\/{rel}","templated":true}]}}