{"id":395195,"date":"2025-09-04T03:08:17","date_gmt":"2025-09-04T03:08:17","guid":{"rendered":"https:\/\/www.europesays.com\/de\/395195\/"},"modified":"2025-09-04T03:08:17","modified_gmt":"2025-09-04T03:08:17","slug":"leipzig-erleichtert-bauen-in-ortsteilen-wie-sich-die-energiepreise-veraendert-haben-max-planck-mitarbeiter-vor-gericht","status":"publish","type":"post","link":"https:\/\/www.europesays.com\/de\/395195\/","title":{"rendered":"Leipzig erleichtert Bauen in Ortsteilen + Wie sich die Energiepreise ver\u00e4ndert haben + Max-Planck-Mitarbeiter vor Gericht"},"content":{"rendered":"<p>5in5 Leipzig<\/p>\n<p>Leipzig erleichtert Bauen in Ortsteilen + Wie sich die Energiepreise ver\u00e4ndert haben + Max-Planck-Mitarbeiter vor Gericht<\/p>\n<p>Guten Morgen!<\/p>\n<p class=\"Textstyled__Text-sc-1cqv9mi-0 cLyiiX\">Es gibt gute Nachrichten f\u00fcr den Wohnungsbau in Leipzig: Der Stadtrat hat die bestehenden H\u00fcrden in den \u00e4u\u00dferen Leipziger Ortsteilen gesenkt. K\u00fcnftig k\u00f6nnen Projekte, die der jeweilige Ortschaftsrat bef\u00fcrwortet hat, schneller vorangetrieben werden. Die Details hat mein Kollege Jens Rometsch f\u00fcr Sie recherchiert. <\/p>\n<p>Weiterlesen nach der Anzeige<\/p>\n<p>Weiterlesen nach der Anzeige<\/p>\n<p class=\"Textstyled__Text-sc-1cqv9mi-0 cLyiiX\">Mit diesen f\u00fcnf Themen sind Sie bestens informiert f\u00fcr Ihren Donnerstag in Leipzig.<\/p>\n<p><img loading=\"lazy\" decoding=\"async\" width=\"35\" height=\"35\" src=\"https:\/\/www.europesays.com\/de\/wp-content\/uploads\/2025\/07\/1-cobalt.png\" alt=\"icon\"\/>Leipzig erleichtert Bauen in den Ortsteilen<\/p>\n<p>Das ist passiert: Mit hauchd\u00fcnner Mehrheit hat der Leipziger Stadtrat beschlossen, dass der Bau von Wohnungen in den \u00e4u\u00dferen Ortsteilen beschleunigt wird. 32 Stadtr\u00e4te stimmten f\u00fcr den entsprechenden Antrag der CDU, 31 dagegen.<\/p>\n<p>Darum ist es wichtig: Seit 2022 gilt in Leipzig, dass gr\u00f6\u00dfere Bauvorhaben nur f\u00fcr Ortsteile geplant werden d\u00fcrfen, die ein strategisches Fl\u00e4chenkonzept haben. 14 solche Ortsteilstrategien br\u00e4uchte es &#8211; begonnen wurden erst vier. Das hemmt den Wohnungsbau.<\/p>\n<p>So geht es weiter: Auch bisher waren schon Ausnahmen m\u00f6glich, jedoch an viele Bedingungen gekn\u00fcpft. K\u00fcnftig ist das Votum des Ortschaftsrates entscheidend. Jedes Jahr Zeitverzug verteuert die Mieten um 40 Cent pro Quadratmeter, rechnete die CDU vor.<\/p>\n<p>Weiterlesen nach der Anzeige<\/p>\n<p>Weiterlesen nach der Anzeige<\/p>\n<p><img loading=\"lazy\" decoding=\"async\" width=\"35\" height=\"35\" src=\"https:\/\/www.europesays.com\/de\/wp-content\/uploads\/2025\/07\/2-cobalt.png\" alt=\"icon\"\/>So sehen Leipzigs Energiepreise aus<\/p>\n<p>Das ist passiert: Die Leipziger Stadtwerke haben eine \u00dcbersicht erstellt, wie sich ihre Energiepreise in den letzten f\u00fcnf Jahren ver\u00e4ndert haben. Ob Strom, Gas, Fernw\u00e4rme &#8211; es sind alle Sparten dabei.<\/p>\n<p>Darum ist es wichtig: Nach Angaben des Versorgers lag die Entwicklung in Leipzig ziemlich genau im bundesweiten Durchschnitt. Eine Ausnahme gab es nur kurzzeitig beim Strom. Die \u00dcbersicht zeigt auch, dass die Preise inzwischen wieder sinken.<\/p>\n<p>So geht es weiter: Die \u00dcbersicht ging auf eine Anfrage der Linken im Stadtrat zur\u00fcck. Sie wollen erreichen, dass das Jobcenter bed\u00fcrftige Haushalte nicht mehr mahnt, ihre Heizkosten zu senken &#8211; und dabei Sanktionen androht.<\/p>\n<p><img loading=\"lazy\" decoding=\"async\" width=\"35\" height=\"35\" src=\"https:\/\/www.europesays.com\/de\/wp-content\/uploads\/2025\/07\/3-cobalt.png\" alt=\"icon\"\/>Mitarbeiter von Leipziger Max-Planck-Instituts vor Gericht<\/p>\n<p>Das ist passiert: Ein Mitarbeiter des Leipziger Max-Planck-Instituts hat vor Gericht gestanden, \u00fcber Monate hinweg auf Kosten seines Arbeitgebers private Computertechnik gekauft zu haben. Das Amtsgericht verurteilte ihn zu einer Bew\u00e4hrungsstrafe.<\/p>\n<p>Hintergrund: Der Angeklagte legte im Prozess ein Gest\u00e4ndnis ab. Demnach habe er sich wegen der Trennung von seiner Partnerin in einer Lebenskrise befunden. Finanzielle Sorgen h\u00e4tten die Taten dann ausgel\u00f6st. <\/p>\n<p>So geht es weiter: F\u00fcr den IT-Experten wurde eine vierj\u00e4hrige Bew\u00e4hrungszeit festgelegt. Au\u00dferdem sieht er sich einer zivilrechtlichen Klage des Instituts ausgesetzt, das den entstandenen Schaden ersetzt haben m\u00f6chte. <\/p>\n<p><img loading=\"lazy\" decoding=\"async\" width=\"35\" height=\"35\" src=\"https:\/\/www.europesays.com\/de\/wp-content\/uploads\/2025\/07\/4-cobalt.png\" alt=\"icon\"\/>\u201eNacht der Kunst\u201c bietet Shows und \u00fcber 200 K\u00fcnstler<\/p>\n<p>Das ist passiert: Die Georg-Schumann-Stra\u00dfe wird sich am Samstag zur 16. Nacht der Kunst, zwischen 16 Uhr und Mitternacht, in eine Kulturmeile verwandeln.<\/p>\n<p>Hintergrund: Die \u201eNacht der Kunst\u201c stand auf der Kippe. Wie so viele andere Kulturvorhaben und Feste war das beliebte Leipziger Event wegen eingefrorener F\u00f6rdermittel bedroht. Ende Juli kam dann doch gr\u00fcnes Licht.<\/p>\n<p>Das Besondere: \u00dcber 200 K\u00fcnstlerinnen und K\u00fcnstler zeigen an 49 Standorten ihre Arbeiten, gerahmt von Konzerten. Unter anderem treten die Showband TriOle, die Gypsy Wings und Eisvogel an der Magistrale im Norden der Stadt auf. <\/p>\n<p><img loading=\"lazy\" decoding=\"async\" width=\"35\" height=\"35\" src=\"https:\/\/www.europesays.com\/de\/wp-content\/uploads\/2025\/07\/5-cobalt.png\" alt=\"icon\"\/>Leipzig w\u00e4chst st\u00e4rker als erwartet<\/p>\n<p>Das ist passiert: Mehr Menschen als erwartet leben mittlerweile in Leipzig. Das hat die Auswertung der Bev\u00f6lkerungsprognose von 2023 ergeben. <\/p>\n<p>Darum ist es wichtig: Die Stadt wird weiter wachsen. Prognosen \u00fcber die Einwohner sind deshalb wichtig, um in Bereichen wie Wohnen oder Infrastruktur f\u00fcr die Zukunft zu planen.<\/p>\n<p>So geht es weiter: Die Stadt Leipzig plant bereits eine weitere Voraussch\u00e4tzung. Anfang des n\u00e4chsten Jahres soll diese erstellt werden.<\/p>\n<p class=\"Textstyled__Text-sc-1cqv9mi-0 cLyiiX\">Damit verabschiede ich mich f\u00fcr heute.<\/p>\n<p>Weiterlesen nach der Anzeige<\/p>\n<p>Weiterlesen nach der Anzeige<\/p>\n<p>Bis bald, Ihre Ina Schwarzbrunn<\/p>\n<p class=\"Textstyled__Text-sc-1cqv9mi-0 cLyiiX\"><b>PS: Wenn Sie noch Zeit haben&#8230;<\/b><\/p>\n<p class=\"Textstyled__Text-sc-1cqv9mi-0 cLyiiX\"> \u2026 dann lege ich Ihnen meine heutigen Leseempfehlungen ans Herz:<\/p>\n<p class=\"Textstyled__Text-sc-1cqv9mi-0 cLyiiX\"><a href=\"https:\/\/www.lvz.de\/mitteldeutschland\/bad-schandau-das-kostet-ein-familienausflug-in-die-saechsischen-schweiz-R3DTAD4RLNGPNMKPK5GDOHQZDI.html\" target=\"_self\" rel=\"nofollow noopener\" title=\"https:\/\/www.lvz.de\/mitteldeutschland\/bad-schandau-das-kostet-ein-familienausflug-in-die-saechsischen-schweiz-R3DTAD4RLNGPNMKPK5GDOHQZDI.html\" data-vars-event-category=\"intext_link\" data-vars-event-action=\"click\" data-vars-event-label=\"https:\/\/www.lvz.de\/mitteldeutschland\/bad-schandau-das-kostet-ein-familienausflug-in-die-saechsischen-schweiz-R3DTAD4RLNGPNMKPK5GDOHQZDI.html\">Beispielrechnung: Das kostet ein Familienausflug in der S\u00e4chsischen Schweiz<\/a><\/p>\n<p class=\"Textstyled__Text-sc-1cqv9mi-0 cLyiiX\"><a href=\"https:\/\/www.lvz.de\/mitteldeutschland\/hohe-schulden-fuer-sachsens-kommunen-landtagsmitglied-und-rechnungshof-kritisieren-7ZB4NEM7RNG4VCWM7LVVCQVT5Q.html\" target=\"_self\" rel=\"nofollow noopener\" title=\"https:\/\/www.lvz.de\/mitteldeutschland\/hohe-schulden-fuer-sachsens-kommunen-landtagsmitglied-und-rechnungshof-kritisieren-7ZB4NEM7RNG4VCWM7LVVCQVT5Q.html\" data-vars-event-category=\"intext_link\" data-vars-event-action=\"click\" data-vars-event-label=\"https:\/\/www.lvz.de\/mitteldeutschland\/hohe-schulden-fuer-sachsens-kommunen-landtagsmitglied-und-rechnungshof-kritisieren-7ZB4NEM7RNG4VCWM7LVVCQVT5Q.html\">Umstritten und teuer: Staatsregierung l\u00f6st Schuldenbremse f\u00fcr Sachsens Rath\u00e4user<\/a><\/p>\n<p class=\"Textstyled__Text-sc-1cqv9mi-0 cLyiiX\"><a href=\"https:\/\/www.lvz.de\/wirtschaft\/regional\/dresden-was-verdienen-aerzte-und-pfleger-bei-der-uniklinik-77NAPZXJTREQNGBRWJTCI77DUQ.html\" target=\"_self\" rel=\"nofollow noopener\" title=\"https:\/\/www.lvz.de\/wirtschaft\/regional\/dresden-was-verdienen-aerzte-und-pfleger-bei-der-uniklinik-77NAPZXJTREQNGBRWJTCI77DUQ.html\" data-vars-event-category=\"intext_link\" data-vars-event-action=\"click\" data-vars-event-label=\"https:\/\/www.lvz.de\/wirtschaft\/regional\/dresden-was-verdienen-aerzte-und-pfleger-bei-der-uniklinik-77NAPZXJTREQNGBRWJTCI77DUQ.html\">Was verdienen \u00c4rzte und Pfleger bei der Dresdner Uniklinik?<\/a><\/p>\n<p>Weiterlesen nach der Anzeige<\/p>\n<p>Weiterlesen nach der Anzeige<\/p>\n<p>Unser 5in5-Newsletter<\/p>\n<p class=\"CallToActionBasestyled__Text-sc-1k69918-5 fbjGwD\">Die 5 wichtigsten Themen exklusiv aus Ihrer Region jeden Werktag um 5 Uhr \u2013 kostenlos direkt per E-Mail.<\/p>\n<p>Abonnieren Sie auch<\/p>\n<p class=\"Textstyled__Text-sc-1cqv9mi-0 cLyiiX\"><a href=\"https:\/\/www.lvz.de\/newsletter\/politik-in-sachsen\/\" target=\"_blank\" rel=\"noreferrer nofollow noopener\" title=\"https:\/\/www.lvz.de\/newsletter\/politik-in-sachsen\/\" data-vars-event-category=\"intext_link\" data-vars-event-action=\"click\" data-vars-event-label=\"https:\/\/www.lvz.de\/newsletter\/politik-in-sachsen\/\"><b>Politik in Sachsen:<\/b><\/a> Jeden Morgen wissen, wor\u00fcber Sachsen am Tag reden wird.<\/p>\n<p class=\"Editorialstyled__Editorial-sc-5u8rgl-0 cBUuy\">LVZ<\/p>\n","protected":false},"excerpt":{"rendered":"5in5 Leipzig Leipzig erleichtert Bauen in Ortsteilen + Wie sich die Energiepreise ver\u00e4ndert haben + Max-Planck-Mitarbeiter vor Gericht&hellip;\n","protected":false},"author":2,"featured_media":273976,"comment_status":"","ping_status":"","sticky":false,"template":"","format":"standard","meta":{"footnotes":""},"categories":[1832],"tags":[3364,29,30,71,859],"class_list":{"0":"post-395195","1":"post","2":"type-post","3":"status-publish","4":"format-standard","5":"has-post-thumbnail","7":"category-leipzig","8":"tag-de","9":"tag-deutschland","10":"tag-germany","11":"tag-leipzig","12":"tag-sachsen"},"share_on_mastodon":{"url":"https:\/\/pubeurope.com\/@de\/115143829821907631","error":""},"_links":{"self":[{"href":"https:\/\/www.europesays.com\/de\/wp-json\/wp\/v2\/posts\/395195","targetHints":{"allow":["GET"]}}],"collection":[{"href":"https:\/\/www.europesays.com\/de\/wp-json\/wp\/v2\/posts"}],"about":[{"href":"https:\/\/www.europesays.com\/de\/wp-json\/wp\/v2\/types\/post"}],"author":[{"embeddable":true,"href":"https:\/\/www.europesays.com\/de\/wp-json\/wp\/v2\/users\/2"}],"replies":[{"embeddable":true,"href":"https:\/\/www.europesays.com\/de\/wp-json\/wp\/v2\/comments?post=395195"}],"version-history":[{"count":0,"href":"https:\/\/www.europesays.com\/de\/wp-json\/wp\/v2\/posts\/395195\/revisions"}],"wp:featuredmedia":[{"embeddable":true,"href":"https:\/\/www.europesays.com\/de\/wp-json\/wp\/v2\/media\/273976"}],"wp:attachment":[{"href":"https:\/\/www.europesays.com\/de\/wp-json\/wp\/v2\/media?parent=395195"}],"wp:term":[{"taxonomy":"category","embeddable":true,"href":"https:\/\/www.europesays.com\/de\/wp-json\/wp\/v2\/categories?post=395195"},{"taxonomy":"post_tag","embeddable":true,"href":"https:\/\/www.europesays.com\/de\/wp-json\/wp\/v2\/tags?post=395195"}],"curies":[{"name":"wp","href":"https:\/\/api.w.org\/{rel}","templated":true}]}}