{"id":395198,"date":"2025-09-04T03:10:12","date_gmt":"2025-09-04T03:10:12","guid":{"rendered":"https:\/\/www.europesays.com\/de\/395198\/"},"modified":"2025-09-04T03:10:12","modified_gmt":"2025-09-04T03:10:12","slug":"fortuna-duesseldorf-der-neue-kader-von-daniel-thioune-im-chef-check-sport","status":"publish","type":"post","link":"https:\/\/www.europesays.com\/de\/395198\/","title":{"rendered":"Fortuna D\u00fcsseldorf: Der neue Kader von Daniel Thioune im Chef-Check | Sport"},"content":{"rendered":"<p><b>Wer ist hier der Boss?<\/b><\/p>\n<p>Nach den Abschieden von Andre Hoffmann (32), Marcel Sobottka (31\/beide vereinslos), Isak Johannesson (22\/K\u00f6ln) und Jamil Siebert (23\/Lecce) hat Fortuna D\u00fcsseldorf bei seinen 13 Neuverpflichtungen auch darauf geachtet, das Leader-Vakuum im Team zu f\u00fcllen. In den Spielen haben die Bosse aber noch nicht erkennen k\u00f6nnen, wer das Kommando in der Mannschaft \u00fcbernimmt. Denn bisher hat sich kaum ein Spieler als echter Anf\u00fchrer gezeigt.<\/p>\n<p><b>Fortunas neuer Kader im Chef-Check!<\/b><\/p>\n<p>Dass Florian Kastenmeier (28) echte Boss-Qualit\u00e4ten hat und ein Top-Kapit\u00e4n ist, bezweifelt im Klub niemand. Sein Vize Tim Oberdorf (29) ist ein guter Stellvertreter, aber keiner, der auf den Tisch haut, wenn es mal nicht l\u00e4uft. Von diesen Momenten gab es schon einige, da war die Leidenschaft auf dem Platz von viel zu wenigen Spielern zu sehen. D\u00fcsseldorf braucht Profis, die genau dann alle mitrei\u00dfen, wie es Johannesson und Siebert oder vorher Yannik Engelhardt (24\/gerade nach Gladbach gewechselt) gemacht haben.<\/p>\n<p>Mehr zum Thema<\/p>\n<p><b>Auf dem Weg, in diese Rolle zu schl\u00fcpfen, ist immerhin ein Spieler: Anouar El Azzouzi (24) ist nicht nur der Chef im Mittelfeld, sondern immer mehr Sprachrohr im Fortuna-Zentrum. Im Kreis vor dem Spiel gibt der Marokkaner sogar teilweise den Ton an, w\u00e4hrend der Partien gibt es von ihm auch mal Klartext f\u00fcr die Kollegen. El Azzouzi, der von Daniel Thioune (51) in den Mannschaftsrat geholt wurde, spricht Tacheles &#8211; auch \u00fcber seinen F\u00fchrungs-Anspruch: \u201eDas ist eine tolle Aufgabe f\u00fcr mich, vor allem, um den jungen Spieler im Team zu helfen. Ich bin zu 100 Prozent ein Leader, das ist tief in mir drin.\u201c<\/b><\/p>\n<p>Aber wie ist es beim Rest der Mannschaft? Thioune hatte zu Beginn der Vorbereitung gefordert, dass Emmanuel Iyoha (27) und Shinta Appelkamp (24) den n\u00e4chsten Schritt in diese Richtung machen &#8211; der ist aber nach wie vor ausgeblieben. Von den Spielern, die vor dem Transfer-Sommer schon da waren, hat sonst auch nur Matthias Zimmermann (33) F\u00fchrungs-Qualit\u00e4ten, aber ein echter Rudelf\u00fchrer ist auch er nicht.<\/p>\n<p>Was macht er da?: Dreist-Fan geht an Sinners Tasche<a href=\"https:\/\/www.bild.de\/sport\/mehr-sport\/spinnt-der-tennis-fan-geht-an-sinners-tasche-68b8553d01ad191d1ad5e3b9\" class=\"anchor\" target=\"_blank\" rel=\"noopener\"><img decoding=\"async\" width=\"992\" height=\"558\" alt=\"Spinnt der?: Tennis-Fan geht an Sinners Tasche\" src=\"https:\/\/www.europesays.com\/de\/wp-content\/uploads\/2025\/09\/23fcf8bde658e1a6e9ce6d46f73b15f9,c13908ac\"   class=\"landscape teaser__image\" loading=\"lazy\"\/><\/a><\/p>\n<p>Quelle: BILD \/ USTA \/ IMG Media \/ X@Olly_Tennis_03.09.2025<\/p>\n<p><b>Von den Neuen ist das am ehesten noch Cedric Itten (28) mit seiner Erfahrung als National- und Champions-League-Spieler. Der Schweizer hat sofort gesagt, dass nicht nur gekommen ist, um Fortuna in die Bundesliga zu schie\u00dfen, sondern um den Klub dorthin zu f\u00fchren. Als St\u00fcrmer ist die Rolle schwierig auszuf\u00fcllen. Christopher Lenz (30) und Sotiris Alexandropoulos (23) w\u00e4ren da pr\u00e4destinierter, aber beide Spieler haben zu sehr mit sich selbst zu tun &#8211; Lenz mit Verletzungen und Sotiris mit Schwierigkeiten mit der 2. Liga.<\/b><\/p>\n<p>Die Chef-Frage beantwortet sich angesichts dieses \u00fcberschaubaren Angebots leicht: Kastenmeier ist der Binden-Boss, davor ist El Azzouzi der einzige, der wirklich das Zeug hat, die Mannschaft zu f\u00fchren. Vielleicht \u00e4ndert sich das, wenn es bei Fortuna besser l\u00e4uft und viele Spieler nicht so sehr mit eigenen Problemen besch\u00e4ftigt sind&#8230;<\/p>\n","protected":false},"excerpt":{"rendered":"Wer ist hier der Boss? Nach den Abschieden von Andre Hoffmann (32), Marcel Sobottka (31\/beide vereinslos), Isak Johannesson&hellip;\n","protected":false},"author":2,"featured_media":395199,"comment_status":"","ping_status":"","sticky":false,"template":"","format":"standard","meta":{"footnotes":""},"categories":[1831],"tags":[621,29892,3364,29,3405,3132,347,30,7762,16483,105751,21334,59424,1209,60281,7761,26475,819,45,43804,784],"class_list":{"0":"post-395198","1":"post","2":"type-post","3":"status-publish","4":"format-standard","5":"has-post-thumbnail","7":"category-duesseldorf","8":"tag-2-bundesliga","9":"tag-appelkamp-shinta","10":"tag-de","11":"tag-deutschland","12":"tag-duesseldorf","13":"tag-fortuna-duesseldorf","14":"tag-fussball","15":"tag-germany","16":"tag-hochrainer-sebastian","17":"tag-hoffmann-andre","18":"tag-iyoha-emmanuel","19":"tag-kastenmeier-florian","20":"tag-lenz-christopher","21":"tag-nordrhein-westfalen","22":"tag-oberdorf-tim","23":"tag-siebert-jamil","24":"tag-sobottka-marcel","25":"tag-sport-leuchtturm-essen","26":"tag-texttospeech","27":"tag-zimmermann-matthias","28":"tag-zweite-bundesliga"},"share_on_mastodon":{"url":"https:\/\/pubeurope.com\/@de\/115143837225764382","error":""},"_links":{"self":[{"href":"https:\/\/www.europesays.com\/de\/wp-json\/wp\/v2\/posts\/395198","targetHints":{"allow":["GET"]}}],"collection":[{"href":"https:\/\/www.europesays.com\/de\/wp-json\/wp\/v2\/posts"}],"about":[{"href":"https:\/\/www.europesays.com\/de\/wp-json\/wp\/v2\/types\/post"}],"author":[{"embeddable":true,"href":"https:\/\/www.europesays.com\/de\/wp-json\/wp\/v2\/users\/2"}],"replies":[{"embeddable":true,"href":"https:\/\/www.europesays.com\/de\/wp-json\/wp\/v2\/comments?post=395198"}],"version-history":[{"count":0,"href":"https:\/\/www.europesays.com\/de\/wp-json\/wp\/v2\/posts\/395198\/revisions"}],"wp:featuredmedia":[{"embeddable":true,"href":"https:\/\/www.europesays.com\/de\/wp-json\/wp\/v2\/media\/395199"}],"wp:attachment":[{"href":"https:\/\/www.europesays.com\/de\/wp-json\/wp\/v2\/media?parent=395198"}],"wp:term":[{"taxonomy":"category","embeddable":true,"href":"https:\/\/www.europesays.com\/de\/wp-json\/wp\/v2\/categories?post=395198"},{"taxonomy":"post_tag","embeddable":true,"href":"https:\/\/www.europesays.com\/de\/wp-json\/wp\/v2\/tags?post=395198"}],"curies":[{"name":"wp","href":"https:\/\/api.w.org\/{rel}","templated":true}]}}