{"id":395228,"date":"2025-09-04T03:25:27","date_gmt":"2025-09-04T03:25:27","guid":{"rendered":"https:\/\/www.europesays.com\/de\/395228\/"},"modified":"2025-09-04T03:25:27","modified_gmt":"2025-09-04T03:25:27","slug":"radiohead-tour-2025-vier-konzerte-in-berlin-angekuendigt-unterhaltung","status":"publish","type":"post","link":"https:\/\/www.europesays.com\/de\/395228\/","title":{"rendered":"Radiohead-Tour 2025: Vier Konzerte in Berlin angek\u00fcndigt | Unterhaltung"},"content":{"rendered":"<p><b>Es bahnte sich seit Dienstagabend an, am Mittwoch gab\u2019s Gewissheit: Das n\u00e4chste Mega-Comeback britischer Rock-Legenden ist perfekt! Radiohead kommen nach sieben Jahren zur\u00fcck auf die B\u00fchne und im Dezember f\u00fcr vier Shows nach Berlin.<\/b><\/p>\n<p>Nach Blur (spielten 2023 u.\u00a0a. mit zwei Gigs in Wembley) und <a href=\"https:\/\/www.bild.de\/themen\/personen\/thema-oasis-alle-infos-und-news-vKGECIdAmdJDbOAK8M5U\" class=\"text-link\" rel=\"nofollow noopener\" target=\"_blank\">Oasis<\/a> (rauften sich endlich wieder zusammen und touren aktuell durch Nordamerika) haben nun Radiohead ihr Comeback verk\u00fcndet. Insgesamt 20 Konzerte stehen im Tour-Kalender.<\/p>\n<p>In Deutschland wird die Berliner Uber Arena zum Schauplatz \u2013 am 8., 9., 11. und 12. Dezember spielen Radiohead dort. Ihren letzten Berlin-Auftritt feierte die Band am 11. September 2016 beim Lollapalooza-Auftritt im Treptower Park. 16 weitere Shows sind diesen Winter in Madrid, Bologna, London und Kopenhagen geplant.<\/p>\n<p><img decoding=\"async\" width=\"992\" height=\"632\" alt=\"U.a. spielen Radiohead vier Konzerte in Berlin\" src=\"https:\/\/www.europesays.com\/de\/wp-content\/uploads\/2025\/09\/8dd2cee06de73f0c2e55a54b541450fc,584f786d\"   class=\"dynamic\" loading=\"lazy\"\/><\/p>\n<p class=\"fig__caption__text\">Radiohead kommen auch f\u00fcr vier Konzerte nach Berlin<\/p>\n<p>Foto: MCT Agentur GmbH<\/p>\n<p>Flyer heizten Tour-Ger\u00fcchte an<\/p>\n<p>Die Band \u2013 bekannt f\u00fcr kryptische Botschaften vor Album- oder Tourank\u00fcndigungen \u2013 hatte vor wenigen Wochen begonnen, die meisten Social-Media-Posts aus den vergangenen Jahren zu l\u00f6schen. \u00c4hnlich waren sie bei der vorerst letzten Albumver\u00f6ffentlichung (\u201eA Moon Shaped Pool\u201c, 2016) vorgegangen.<\/p>\n<p>Am Dienstag dann gro\u00dfe Aufregung: In verschiedenen St\u00e4dten tauchten Flyer auf, die auf m\u00f6gliche Shows hindeuteten. Fans teilten Fotos ihrer Fundst\u00fccke, oft mit dem ungl\u00e4ubigen Ausruf \u201eThis is really happening\u201c (\u201eEs passiert wirklich\u201c, Songzeile aus dem Hit \u201eIdioteque\u201c).<\/p>\n<p>Ticketzugang wird begrenzt<\/p>\n<p>Tickets f\u00fcr die Konzerte gibt\u2019s laut Mitteilung der Band erst nach einer Registrierung. Beginn daf\u00fcr ist am Freitag (5. September) um 11 Uhr, Ende 72 Stunden sp\u00e4ter. Der eigentliche Ticketverkauf beginnt dann am 12. September.<\/p>\n<p>In ihren Ticketbedingungen weist die Band darauf hin, dass der Zugang limitiert wird: \u201eSie d\u00fcrfen ein Maximum von vier Tickets f\u00fcr eine der Shows bestellen, um m\u00f6glichst vielen Menschen wie m\u00f6glich einen Besuch zu erm\u00f6glichen.\u201c<\/p>\n<p>Band probte seit 2024 wieder<\/p>\n<p>Schlagzeuger Philip Selway (58) war der erste der f\u00fcnf Musiker, der sich nach der Ank\u00fcndigung an die Fans wandte. Er schrieb bei <a href=\"https:\/\/www.bild.de\/digital\/internet\/facebook\/meta-alle-infos-78159784.bild.html\" class=\"text-link\" rel=\"nofollow noopener\" target=\"_blank\">Facebook<\/a>: \u201eLetztes Jahr sind wir zum Proben zusammengekommen, einfach nur zum Spa\u00df. Nach sieben Jahren Pause f\u00fchlte es sich wirklich gut an, die Songs zu spielen und die Verbindung zu einer musikalischen Identit\u00e4t wiederherzustellen, die tief in uns allen verankert ist.\u201c <\/p>\n<p>Mit Songs wie \u201eKarma Police\u201c und \u201eCreep\u201c erlangte Radiohead in den 90ern weltweite Bekanntheit, ihr Album \u201eOk Computer\u201c (1997) wird von vielen Experten als wegweisend bezeichnet. 2022 gr\u00fcndeten S\u00e4nger Thom Yorke und Gitarrist Jonny Greenwood (53) zusammen mit dem Jazz-Drummer Tom Skinner (45) das Projekt The Smile.<\/p>\n<p>Im Juli 2024 musste The Smile eine geplante Europa-Konzerte absagen, da <a href=\"https:\/\/www.bild.de\/unterhaltung\/musik\/radiohead-gitarrist-jonny-greenwood-ernsthaft-erkrankt-6691819ca5b55015c0a9360e\" class=\"text-link\" rel=\"nofollow noopener\" target=\"_blank\">Jonny Greenwood erkrankte<\/a> und zeitweise auf der Intensivstation behandelt wurde. Die letzte Ver\u00f6ffentlichung von S\u00e4nger Thom Yorke liegt erst wenige Monate zur\u00fcck: Im Mai legte er mit dem britischen DJ Mark Pritchard (54) das Album \u201e<a href=\"https:\/\/www.bild.de\/unterhaltung\/musik\/radiohead-saenger-thom-yorke-schickt-fans-auf-weltweite-schatzsuche-6841553bce819e0cb0a36ed7\" class=\"text-link\" rel=\"nofollow noopener\" target=\"_blank\">Tall Tales<\/a>\u201c vor.<\/p>\n<p>Mehr zum Thema<\/p>\n","protected":false},"excerpt":{"rendered":"Es bahnte sich seit Dienstagabend an, am Mittwoch gab\u2019s Gewissheit: Das n\u00e4chste Mega-Comeback britischer Rock-Legenden ist perfekt! Radiohead&hellip;\n","protected":false},"author":2,"featured_media":395229,"comment_status":"","ping_status":"","sticky":false,"template":"","format":"standard","meta":{"footnotes":""},"categories":[1825],"tags":[296,105756,1738,29,30,105757,1310,810,75314,36867,45,105534,2992,11079,215],"class_list":{"0":"post-395228","1":"post","2":"type-post","3":"status-publish","4":"format-standard","5":"has-post-thumbnail","7":"category-berlin","8":"tag-berlin","9":"tag-blur","10":"tag-desk-delta","11":"tag-deutschland","12":"tag-germany","13":"tag-greenwood-jonny","14":"tag-konzert","15":"tag-musik","16":"tag-oasis","17":"tag-radiohead","18":"tag-texttospeech","19":"tag-thom-yorke","20":"tag-tournee","21":"tag-uber","22":"tag-unterhaltung"},"share_on_mastodon":{"url":"https:\/\/pubeurope.com\/@de\/115143896300463612","error":""},"_links":{"self":[{"href":"https:\/\/www.europesays.com\/de\/wp-json\/wp\/v2\/posts\/395228","targetHints":{"allow":["GET"]}}],"collection":[{"href":"https:\/\/www.europesays.com\/de\/wp-json\/wp\/v2\/posts"}],"about":[{"href":"https:\/\/www.europesays.com\/de\/wp-json\/wp\/v2\/types\/post"}],"author":[{"embeddable":true,"href":"https:\/\/www.europesays.com\/de\/wp-json\/wp\/v2\/users\/2"}],"replies":[{"embeddable":true,"href":"https:\/\/www.europesays.com\/de\/wp-json\/wp\/v2\/comments?post=395228"}],"version-history":[{"count":0,"href":"https:\/\/www.europesays.com\/de\/wp-json\/wp\/v2\/posts\/395228\/revisions"}],"wp:featuredmedia":[{"embeddable":true,"href":"https:\/\/www.europesays.com\/de\/wp-json\/wp\/v2\/media\/395229"}],"wp:attachment":[{"href":"https:\/\/www.europesays.com\/de\/wp-json\/wp\/v2\/media?parent=395228"}],"wp:term":[{"taxonomy":"category","embeddable":true,"href":"https:\/\/www.europesays.com\/de\/wp-json\/wp\/v2\/categories?post=395228"},{"taxonomy":"post_tag","embeddable":true,"href":"https:\/\/www.europesays.com\/de\/wp-json\/wp\/v2\/tags?post=395228"}],"curies":[{"name":"wp","href":"https:\/\/api.w.org\/{rel}","templated":true}]}}