{"id":395267,"date":"2025-09-04T03:46:10","date_gmt":"2025-09-04T03:46:10","guid":{"rendered":"https:\/\/www.europesays.com\/de\/395267\/"},"modified":"2025-09-04T03:46:10","modified_gmt":"2025-09-04T03:46:10","slug":"bezirkskoenig-hans-peter-thoenes-aus-moenchengladbach","status":"publish","type":"post","link":"https:\/\/www.europesays.com\/de\/395267\/","title":{"rendered":"Bezirksk\u00f6nig Hans-Peter Th\u00f6nes aus M\u00f6nchengladbach"},"content":{"rendered":"<p class=\"text_ohne_einzug richtext text-em-55 !leading-serif mx-6 desktop:mx-0\"> Das kommende Wochenende steht in <a href=\"https:\/\/rp-online.de\/thema\/moenchengladbach\/\" target=\"_blank\" rel=\"noopener\">M\u00f6nchengladbach<\/a> wieder im Zeichen von Brauchtum und Heimatliebe. Von Freitag, 5. September, bis Sonntag, 7. September, findet das <a href=\"https:\/\/rp-online.de\/nrw\/staedte\/moenchengladbach\/stadtschuetzenfest-2025-in-moenchengladbach-partys-paraden-vogelschuss_aid-131934489\" target=\"_blank\" rel=\"noopener\">Stadtsch\u00fctzenfest am und um den Alten Markt<\/a> statt. Und wie jedes Jahr stellt sich die Frage, wer sich den Titel des Bezirksk\u00f6nigs sichert. Beim Vogelschuss im vergangenen September <a href=\"https:\/\/rp-online.de\/nrw\/staedte\/moenchengladbach\/moenchengladbach-hans-peter-thoenes-ist-bezirkskoenig-2024-beim-stadtschuetzenfest_aid-118663661\" target=\"_blank\" rel=\"noopener\">gelang das Hans-Peter Th\u00f6nes<\/a>, Pr\u00e4sident der St. Josef Bruderschaft Westend.<\/p>\n","protected":false},"excerpt":{"rendered":"Das kommende Wochenende steht in M\u00f6nchengladbach wieder im Zeichen von Brauchtum und Heimatliebe. Von Freitag, 5. September, bis&hellip;\n","protected":false},"author":2,"featured_media":395268,"comment_status":"","ping_status":"","sticky":false,"template":"","format":"standard","meta":{"footnotes":""},"categories":[1849],"tags":[63673,3364,29,548,663,3934,30,9339,13,4455,14,15,1209,7253,12,23062,14975,50610],"class_list":{"0":"post-395267","1":"post","2":"type-post","3":"status-publish","4":"format-standard","5":"has-post-thumbnail","7":"category-moenchengladbach","8":"tag-bezirkskoenig","9":"tag-de","10":"tag-deutschland","11":"tag-eu","12":"tag-europa","13":"tag-europe","14":"tag-germany","15":"tag-hans","16":"tag-headlines","17":"tag-moenchengladbach","18":"tag-nachrichten","19":"tag-news","20":"tag-nordrhein-westfalen","21":"tag-peter","22":"tag-schlagzeilen","23":"tag-schuetze","24":"tag-schuetzenwesen","25":"tag-thoenes"},"share_on_mastodon":{"url":"https:\/\/pubeurope.com\/@de\/115143978968295373","error":""},"_links":{"self":[{"href":"https:\/\/www.europesays.com\/de\/wp-json\/wp\/v2\/posts\/395267","targetHints":{"allow":["GET"]}}],"collection":[{"href":"https:\/\/www.europesays.com\/de\/wp-json\/wp\/v2\/posts"}],"about":[{"href":"https:\/\/www.europesays.com\/de\/wp-json\/wp\/v2\/types\/post"}],"author":[{"embeddable":true,"href":"https:\/\/www.europesays.com\/de\/wp-json\/wp\/v2\/users\/2"}],"replies":[{"embeddable":true,"href":"https:\/\/www.europesays.com\/de\/wp-json\/wp\/v2\/comments?post=395267"}],"version-history":[{"count":0,"href":"https:\/\/www.europesays.com\/de\/wp-json\/wp\/v2\/posts\/395267\/revisions"}],"wp:featuredmedia":[{"embeddable":true,"href":"https:\/\/www.europesays.com\/de\/wp-json\/wp\/v2\/media\/395268"}],"wp:attachment":[{"href":"https:\/\/www.europesays.com\/de\/wp-json\/wp\/v2\/media?parent=395267"}],"wp:term":[{"taxonomy":"category","embeddable":true,"href":"https:\/\/www.europesays.com\/de\/wp-json\/wp\/v2\/categories?post=395267"},{"taxonomy":"post_tag","embeddable":true,"href":"https:\/\/www.europesays.com\/de\/wp-json\/wp\/v2\/tags?post=395267"}],"curies":[{"name":"wp","href":"https:\/\/api.w.org\/{rel}","templated":true}]}}