{"id":395275,"date":"2025-09-04T03:50:10","date_gmt":"2025-09-04T03:50:10","guid":{"rendered":"https:\/\/www.europesays.com\/de\/395275\/"},"modified":"2025-09-04T03:50:10","modified_gmt":"2025-09-04T03:50:10","slug":"pwv-wanderungen-schwarze-liste-fuer-schwarze-schafe-ludwigshafen-mannheim","status":"publish","type":"post","link":"https:\/\/www.europesays.com\/de\/395275\/","title":{"rendered":"PWV-Wanderungen: \u201eSchwarze Liste\u201c f\u00fcr schwarze Schafe &#8211; Ludwigshafen\/Mannheim"},"content":{"rendered":"<p><b\/>Wer die Zusage zu einer teilnehmerbegrenzten Wanderung nicht einh\u00e4lt, kommt auf eine \u201eschwarze Liste\u201c und wird von weiteren solchen Wanderungen mit einer begrenzten Teilnehmerzahl vorerst ausgeschlossen. Mit dieser rigorosen Ma\u00dfnahme will die Ortsgruppe Ludwigshafen-Mannheim des Pf\u00e4lzerwald-Vereins (PWV) ab sofort f\u00fcr eine verbindliche Ordnung in einem Teil ihres Wanderprogramms sorgen. \u201eEs kam in der Vergangenheit immer wieder vor, dass feste Zusagen f\u00fcr Wanderungen ohne Angabe von Gr\u00fcnden nicht eingehalten wurden, sodass solche Touren mit einer organisatorisch vorgegebenen H\u00f6chstzahl an Teilnehmern nicht mit der Optimalzahl von Wanderern realisiert werden konnten und andere Interessenten keine Chance hatten, die dadurch entstandenen L\u00fccken zu schlie\u00dfen,\u201c sagt der stellvertretende  Ortsgruppenvorsitzende G\u00fcnter Neufeldt. Durch das Fehlen fest eingeplanter Tourenteilnehmer seien auch anderweitig nicht zu schlie\u00dfende L\u00fccken entstanden. Die Ortsgruppe will umgekehrt deshalb bei solchen Wanderungen, die meist zu attraktiven, aber nicht f\u00fcr eine unbegrenzte Teilnehmerzahl geeigneten Zielen f\u00fchren, eine Warteliste auflegen, um die Idealzahl auf jeden Fall zu erreichen.<\/p>\n","protected":false},"excerpt":{"rendered":"Wer die Zusage zu einer teilnehmerbegrenzten Wanderung nicht einh\u00e4lt, kommt auf eine \u201eschwarze Liste\u201c und wird von weiteren&hellip;\n","protected":false},"author":2,"featured_media":395276,"comment_status":"","ping_status":"","sticky":false,"template":"","format":"standard","meta":{"footnotes":""},"categories":[1845],"tags":[1634,3364,29,548,663,3934,30,13,4060,25476,67796,2096,14,15,12],"class_list":{"0":"post-395275","1":"post","2":"type-post","3":"status-publish","4":"format-standard","5":"has-post-thumbnail","7":"category-mannheim","8":"tag-baden-wuerttemberg","9":"tag-de","10":"tag-deutschland","11":"tag-eu","12":"tag-europa","13":"tag-europe","14":"tag-germany","15":"tag-headlines","16":"tag-lokal","17":"tag-ludwigshafen","18":"tag-ludwigshafen-mannheim","19":"tag-mannheim","20":"tag-nachrichten","21":"tag-news","22":"tag-schlagzeilen"},"share_on_mastodon":{"url":"https:\/\/pubeurope.com\/@de\/115143994588223405","error":""},"_links":{"self":[{"href":"https:\/\/www.europesays.com\/de\/wp-json\/wp\/v2\/posts\/395275","targetHints":{"allow":["GET"]}}],"collection":[{"href":"https:\/\/www.europesays.com\/de\/wp-json\/wp\/v2\/posts"}],"about":[{"href":"https:\/\/www.europesays.com\/de\/wp-json\/wp\/v2\/types\/post"}],"author":[{"embeddable":true,"href":"https:\/\/www.europesays.com\/de\/wp-json\/wp\/v2\/users\/2"}],"replies":[{"embeddable":true,"href":"https:\/\/www.europesays.com\/de\/wp-json\/wp\/v2\/comments?post=395275"}],"version-history":[{"count":0,"href":"https:\/\/www.europesays.com\/de\/wp-json\/wp\/v2\/posts\/395275\/revisions"}],"wp:featuredmedia":[{"embeddable":true,"href":"https:\/\/www.europesays.com\/de\/wp-json\/wp\/v2\/media\/395276"}],"wp:attachment":[{"href":"https:\/\/www.europesays.com\/de\/wp-json\/wp\/v2\/media?parent=395275"}],"wp:term":[{"taxonomy":"category","embeddable":true,"href":"https:\/\/www.europesays.com\/de\/wp-json\/wp\/v2\/categories?post=395275"},{"taxonomy":"post_tag","embeddable":true,"href":"https:\/\/www.europesays.com\/de\/wp-json\/wp\/v2\/tags?post=395275"}],"curies":[{"name":"wp","href":"https:\/\/api.w.org\/{rel}","templated":true}]}}