{"id":395277,"date":"2025-09-04T03:51:23","date_gmt":"2025-09-04T03:51:23","guid":{"rendered":"https:\/\/www.europesays.com\/de\/395277\/"},"modified":"2025-09-04T03:51:23","modified_gmt":"2025-09-04T03:51:23","slug":"leserbrief-zur-situation-an-und-in-der-postgalerie","status":"publish","type":"post","link":"https:\/\/www.europesays.com\/de\/395277\/","title":{"rendered":"Leserbrief zur Situation an und in der Postgalerie"},"content":{"rendered":"<p>Warum wird die Postplatz- Mittelinsel bewirtschaftet, ohne zuvor das Podest zu reduzieren?<\/p>\n<p><strong>Speyer <\/strong>Also leider heute erneut etwas kaum Fassbares: <strong>in der Postgalerie Speyer wird immer wieder der Plattformaufzug f\u00fcr einen behindertengerechten Zugang zur Postgalerie zugebaut!<\/strong> Nach Beschwerden wird es dann f\u00fcr kurze Zeit ge\u00e4ndert, um dann wieder zugebaut zu werden.\u00a0<\/p>\n<p>Die Beschwerden hierzu rei\u00dfen nicht ab, auch der Behindertenbeauftragte hat dies wohl bereits bem\u00e4ngelt. Die Postgalerie hat eh nicht gerade den besten Ruf (?), warum macht man dann immer wieder solche Sachen?\u00a0<\/p>\n<p>Der urspr\u00fcnglich v\u00f6llig gute und sachgerechte Zugang von der Gutenbergstrasse wurde mit Genehmigung der Stadt geschlossen. Die geplante barrierefreie Rampe dann von der Postgalerie aber einfach nicht gebaut! Stattdessen untaugliche Plattformaufz\u00fcge (f\u00fcr ein Einkaufszentrum, ehemals wohl ein Lastenaufzug?) als sogenannter barrierefreier Zugang angeboten.\u00a0<\/p>\n<p>Wie das so \u00fcberhaupt akzeptiert werden kann, ein absolutes R\u00e4tsel, nach den Gesetzesvorgaben kaum nachvollziehbar und nicht zul\u00e4ssig? Was ist hier eigentlich los? So kann man meines Erachtens weder mit Menschen mit einer Behinderung oder Beeintr\u00e4chtigung noch mit \u00e4lteren Menschen oder Menschen mit Kinderwagen umgehen. Es ist einfach nur ein Skandal. Selbst der Behindertenbeauftragte und andere waren im Plattformaufzug bereits eingeklemmt und konnten sich nicht mal mehr allein befreien. Und die Verwaltung bleibt unt\u00e4tig?<\/p>\n<p>\u00c4hnliches am uns\u00e4glichen Podest: von der Verwaltung 2023! genehmigt, stellt den B\u00fcrgersteig nahezu vollst\u00e4ndig zu. Der ist aber kein Privateigentum der Postgalerie, sondern geh\u00f6rt den Speyrer B\u00fcrgern. Schon immer! Die Mittelinsel wurde gastronomisch bestuhlt, in Ordnung.\u00a0<\/p>\n<p>Aber der gleichzeitig wohl zugesagte Abbau\/deutliche Reduzierung des Podestes ist bis heute nicht erfolgt. Warum nicht?? T\u00e4glich haben hier alle B\u00fcrger mit den Unzul\u00e4nglichkeiten zu k\u00e4mpfen, Unf\u00e4lle sind bereits passiert, Rollstuhlfahrer haben dort keine Chancen! Angeblich soll es im Laufe des Septembers um ca. 1 m zur\u00fcckgebaut werden: 1 m ist l\u00e4cherlich und entspricht bei weitem nicht der Mindestbreite f\u00fcr einen ordentlichen B\u00fcrgersteig&#8230;gerade auch noch an einer solch viel begangenen Stelle (Busse etc). <strong>Und warum wird die Mittelinsel bestuhlt, ohne zuvor das Podest zu reduzieren? Wo bleibt hier die Verantwortung der Verwaltung? Das alles ist nicht mehr nachvollziehbar. Leider.<\/strong><\/p>\n<p>Karlheinz Erny<\/p>\n<p>Die Redaktion freut sich \u00fcber Beitr\u00e4ge, Anregungen und Kritik.<\/p>\n<p>Die Redaktion weist darauf hin, dass der Inhalt der Leserbriefe die Ansicht der Einsender wiedergibt, die mit der Meinung der Redaktion oder des Verlages nicht unbedingt \u00fcbereinstimmt. Die Redaktion beh\u00e4lt sich vor, Leserbriefe zu k\u00fcrzen.<\/p>\n","protected":false},"excerpt":{"rendered":"Warum wird die Postplatz- Mittelinsel bewirtschaftet, ohne zuvor das Podest zu reduzieren? Speyer Also leider heute erneut etwas&hellip;\n","protected":false},"author":2,"featured_media":395278,"comment_status":"","ping_status":"","sticky":false,"template":"","format":"standard","meta":{"footnotes":""},"categories":[1844],"tags":[16222,17310,1634,17312,17302,17311,3364,29,17317,17309,17313,30,17306,14835,8903,7011,17304,16935,17314,17316,17305,17315,17308,17303,17300,17301,17307,571,1986],"class_list":{"0":"post-395277","1":"post","2":"type-post","3":"status-publish","4":"format-standard","5":"has-post-thumbnail","7":"category-karlsruhe","8":"tag-dom","9":"tag-altpoertel","10":"tag-baden-wuerttemberg","11":"tag-bistum-speyer","12":"tag-brezelfest","13":"tag-brezelkracher","14":"tag-de","15":"tag-deutschland","16":"tag-dudenhofen","17":"tag-eger","18":"tag-evangelische-kirche-der-pfalz","19":"tag-germany","20":"tag-historisches-museum","21":"tag-hockenheim","22":"tag-karlsruhe","23":"tag-kirchen","24":"tag-kurpfalz","25":"tag-pfalz","26":"tag-protestantische-landeskirche","27":"tag-roemerberg","28":"tag-salier","29":"tag-schwetzingen","30":"tag-sealife","31":"tag-speyer","32":"tag-speyer-kurier","33":"tag-tageszeitung","34":"tag-technik-museum","35":"tag-wochenzeitung","36":"tag-zeitung"},"share_on_mastodon":{"url":"https:\/\/pubeurope.com\/@de\/115143998446742053","error":""},"_links":{"self":[{"href":"https:\/\/www.europesays.com\/de\/wp-json\/wp\/v2\/posts\/395277","targetHints":{"allow":["GET"]}}],"collection":[{"href":"https:\/\/www.europesays.com\/de\/wp-json\/wp\/v2\/posts"}],"about":[{"href":"https:\/\/www.europesays.com\/de\/wp-json\/wp\/v2\/types\/post"}],"author":[{"embeddable":true,"href":"https:\/\/www.europesays.com\/de\/wp-json\/wp\/v2\/users\/2"}],"replies":[{"embeddable":true,"href":"https:\/\/www.europesays.com\/de\/wp-json\/wp\/v2\/comments?post=395277"}],"version-history":[{"count":0,"href":"https:\/\/www.europesays.com\/de\/wp-json\/wp\/v2\/posts\/395277\/revisions"}],"wp:featuredmedia":[{"embeddable":true,"href":"https:\/\/www.europesays.com\/de\/wp-json\/wp\/v2\/media\/395278"}],"wp:attachment":[{"href":"https:\/\/www.europesays.com\/de\/wp-json\/wp\/v2\/media?parent=395277"}],"wp:term":[{"taxonomy":"category","embeddable":true,"href":"https:\/\/www.europesays.com\/de\/wp-json\/wp\/v2\/categories?post=395277"},{"taxonomy":"post_tag","embeddable":true,"href":"https:\/\/www.europesays.com\/de\/wp-json\/wp\/v2\/tags?post=395277"}],"curies":[{"name":"wp","href":"https:\/\/api.w.org\/{rel}","templated":true}]}}