{"id":395279,"date":"2025-09-04T03:52:16","date_gmt":"2025-09-04T03:52:16","guid":{"rendered":"https:\/\/www.europesays.com\/de\/395279\/"},"modified":"2025-09-04T03:52:16","modified_gmt":"2025-09-04T03:52:16","slug":"karlsruhe-betrunkene-pkw-fahrerin-rammt-streifenwagen-regional","status":"publish","type":"post","link":"https:\/\/www.europesays.com\/de\/395279\/","title":{"rendered":"Karlsruhe: Betrunkene Pkw-Fahrerin rammt Streifenwagen | Regional"},"content":{"rendered":"<p>Karlsruhe \u2013 <b>Eine Autofahrerin mit 1,6 Promille prallte gegen einen Streifenwagen in Durlach.<\/b><\/p>\n<p>Die 54-j\u00e4hrige Seat-Fahrerin sollte gegen 00.30 Uhr im Schindweg kontrolliert werden. Beim Versuch, am Stra\u00dfenrand zu parken, stie\u00df sie mehrfach gegen das Polizeiauto.<\/p>\n<p>Ein Atemalkoholtest best\u00e4tigte die Vermutung der Beamten: 1,6 Promille. Der Sachschaden wird auf etwa 2.000 Euro gesch\u00e4tzt.<\/p>\n<p>Die Frau steht nun wegen Gef\u00e4hrdung des Stra\u00dfenverkehrs in der Verantwortung.<\/p>\n<p>Dieser Text basiert auf einer offiziellen Beh\u00f6rden-Information und wurde mit Hilfe von KI erstellt.<\/p>\n","protected":false},"excerpt":{"rendered":"Karlsruhe \u2013 Eine Autofahrerin mit 1,6 Promille prallte gegen einen Streifenwagen in Durlach. Die 54-j\u00e4hrige Seat-Fahrerin sollte gegen&hellip;\n","protected":false},"author":2,"featured_media":391374,"comment_status":"","ping_status":"","sticky":false,"template":"","format":"standard","meta":{"footnotes":""},"categories":[1844],"tags":[1634,3364,29,30,8903,2509,121,45,2624,1995],"class_list":{"0":"post-395279","1":"post","2":"type-post","3":"status-publish","4":"format-standard","5":"has-post-thumbnail","7":"category-karlsruhe","8":"tag-baden-wuerttemberg","9":"tag-de","10":"tag-deutschland","11":"tag-germany","12":"tag-karlsruhe","13":"tag-ki-ots","14":"tag-polizei","15":"tag-texttospeech","16":"tag-unfaelle","17":"tag-verbrechen"},"share_on_mastodon":{"url":"https:\/\/pubeurope.com\/@de\/115144002383788477","error":""},"_links":{"self":[{"href":"https:\/\/www.europesays.com\/de\/wp-json\/wp\/v2\/posts\/395279","targetHints":{"allow":["GET"]}}],"collection":[{"href":"https:\/\/www.europesays.com\/de\/wp-json\/wp\/v2\/posts"}],"about":[{"href":"https:\/\/www.europesays.com\/de\/wp-json\/wp\/v2\/types\/post"}],"author":[{"embeddable":true,"href":"https:\/\/www.europesays.com\/de\/wp-json\/wp\/v2\/users\/2"}],"replies":[{"embeddable":true,"href":"https:\/\/www.europesays.com\/de\/wp-json\/wp\/v2\/comments?post=395279"}],"version-history":[{"count":0,"href":"https:\/\/www.europesays.com\/de\/wp-json\/wp\/v2\/posts\/395279\/revisions"}],"wp:featuredmedia":[{"embeddable":true,"href":"https:\/\/www.europesays.com\/de\/wp-json\/wp\/v2\/media\/391374"}],"wp:attachment":[{"href":"https:\/\/www.europesays.com\/de\/wp-json\/wp\/v2\/media?parent=395279"}],"wp:term":[{"taxonomy":"category","embeddable":true,"href":"https:\/\/www.europesays.com\/de\/wp-json\/wp\/v2\/categories?post=395279"},{"taxonomy":"post_tag","embeddable":true,"href":"https:\/\/www.europesays.com\/de\/wp-json\/wp\/v2\/tags?post=395279"}],"curies":[{"name":"wp","href":"https:\/\/api.w.org\/{rel}","templated":true}]}}