{"id":395292,"date":"2025-09-04T03:59:25","date_gmt":"2025-09-04T03:59:25","guid":{"rendered":"https:\/\/www.europesays.com\/de\/395292\/"},"modified":"2025-09-04T03:59:25","modified_gmt":"2025-09-04T03:59:25","slug":"stadt-hattingen-laedt-zum-familienfruehstueck","status":"publish","type":"post","link":"https:\/\/www.europesays.com\/de\/395292\/","title":{"rendered":"Stadt Hattingen l\u00e4dt zum Familienfr\u00fchst\u00fcck"},"content":{"rendered":"<p class=\"small date article__date\">Ver\u00f6ffentlicht:\u00a0Mittwoch, 03.09.2025 15:33<\/p>\n<p>Die Stadt Hattingen informiert \u00fcber Familienangebote. Dazu l\u00e4dt sie n\u00e4chste Woche Mittwoch (10.09.) zum Familienfr\u00fchst\u00fcck ein &#8211; in den Kinder- und Jugendtreff Welper (An der Hunsebeck 18 ). Das Angebot richtet sich an Familien mit Kindern bis drei Jahren und an werdende Eltern.<\/p>\n<p><img decoding=\"async\" alt=\"\" src=\"https:\/\/www.europesays.com\/de\/wp-content\/uploads\/2025\/09\/fotolia_123560896_s_copyright.jpg&#038;crop=0x53x538x336&#038;resize=538x336&#038;dt=202006091341570.jpeg\" data-size=\"538x336\"\/>\u00a9 oksix &#8211; Fotolia<\/p>\n<p>Von 9:30 bis 11:00 Uhr k\u00f6nnen die Familien sich austauschen und \u00fcber Angebote in der Stadt informieren. Anl\u00e4sslich der Woche der Vielfalt steht auch das Familienfr\u00fchst\u00fcck unter diesem Motto. Ein Anmeldung ist erforderlich, bis zum 5. September.<\/p>\n<p>Interessierte k\u00f6nnen bis Freitag, 5. September eine E-Mail mit Ihren Kontaktdaten und der Anzahl der Personen sowie dem Alter der Kinder und Angaben von Nahrungsmittelunvertr\u00e4glichkeiten an familien@hattingen.de schreiben, um sich f\u00fcr das Fr\u00fchst\u00fcck anzumelden.\u00a0<\/p>\n","protected":false},"excerpt":{"rendered":"Ver\u00f6ffentlicht:\u00a0Mittwoch, 03.09.2025 15:33 Die Stadt Hattingen informiert \u00fcber Familienangebote. Dazu l\u00e4dt sie n\u00e4chste Woche Mittwoch (10.09.) zum Familienfr\u00fchst\u00fcck&hellip;\n","protected":false},"author":2,"featured_media":395293,"comment_status":"","ping_status":"","sticky":false,"template":"","format":"standard","meta":{"footnotes":""},"categories":[1839],"tags":[3275,7507,3364,29,30,1209],"class_list":{"0":"post-395292","1":"post","2":"type-post","3":"status-publish","4":"format-standard","5":"has-post-thumbnail","7":"category-bochum","8":"tag-lokalnachrichten","9":"tag-bochum","10":"tag-de","11":"tag-deutschland","12":"tag-germany","13":"tag-nordrhein-westfalen"},"share_on_mastodon":{"url":"https:\/\/pubeurope.com\/@de\/115144030027054377","error":""},"_links":{"self":[{"href":"https:\/\/www.europesays.com\/de\/wp-json\/wp\/v2\/posts\/395292","targetHints":{"allow":["GET"]}}],"collection":[{"href":"https:\/\/www.europesays.com\/de\/wp-json\/wp\/v2\/posts"}],"about":[{"href":"https:\/\/www.europesays.com\/de\/wp-json\/wp\/v2\/types\/post"}],"author":[{"embeddable":true,"href":"https:\/\/www.europesays.com\/de\/wp-json\/wp\/v2\/users\/2"}],"replies":[{"embeddable":true,"href":"https:\/\/www.europesays.com\/de\/wp-json\/wp\/v2\/comments?post=395292"}],"version-history":[{"count":0,"href":"https:\/\/www.europesays.com\/de\/wp-json\/wp\/v2\/posts\/395292\/revisions"}],"wp:featuredmedia":[{"embeddable":true,"href":"https:\/\/www.europesays.com\/de\/wp-json\/wp\/v2\/media\/395293"}],"wp:attachment":[{"href":"https:\/\/www.europesays.com\/de\/wp-json\/wp\/v2\/media?parent=395292"}],"wp:term":[{"taxonomy":"category","embeddable":true,"href":"https:\/\/www.europesays.com\/de\/wp-json\/wp\/v2\/categories?post=395292"},{"taxonomy":"post_tag","embeddable":true,"href":"https:\/\/www.europesays.com\/de\/wp-json\/wp\/v2\/tags?post=395292"}],"curies":[{"name":"wp","href":"https:\/\/api.w.org\/{rel}","templated":true}]}}