{"id":395297,"date":"2025-09-04T04:02:11","date_gmt":"2025-09-04T04:02:11","guid":{"rendered":"https:\/\/www.europesays.com\/de\/395297\/"},"modified":"2025-09-04T04:02:11","modified_gmt":"2025-09-04T04:02:11","slug":"deutschland-will-der-ukraine-sicherheitsgarantien-bieten","status":"publish","type":"post","link":"https:\/\/www.europesays.com\/de\/395297\/","title":{"rendered":"Deutschland will der Ukraine Sicherheitsgarantien bieten"},"content":{"rendered":"<p>Merz hatte sich am Dienstag in einem Interview mit dem Sender Sat.1 entsprechend ge\u00e4u\u00dfert. Zuvor hatte er\u00a0<b>Genf als Ort f\u00fcr m\u00f6gliche Verhandlungen\u00a0<\/b>vorgeschlagen. Russland bestreitet, dass seine Streitkr\u00e4fte in der Ukraine Kriegsverbrechen begangen haben.\u00a0<\/p>\n<p>Zudem kritisierte die Sprecherin des russischen Au\u00dfenministeriums, Maria Sacharowa, die \u00c4u\u00dferung von Merz, nach der eine \u201e\u00f6konomische Ersch\u00f6pfung\u201c Russlands herbeigef\u00fchrt werden m\u00fcsse. Sie bezweifelte, dass Deutschland dazu in der Lage sei.<b> \u201eDer Ersch\u00f6pfende ist dem nicht gewachsen, Herr Merz\u201c<\/b>, sagte Sacharowa.\u00a0(Reuters, dpa, Tsp.)<\/p>\n","protected":false},"excerpt":{"rendered":"Merz hatte sich am Dienstag in einem Interview mit dem Sender Sat.1 entsprechend ge\u00e4u\u00dfert. Zuvor hatte er\u00a0Genf als&hellip;\n","protected":false},"author":2,"featured_media":395298,"comment_status":"","ping_status":"","sticky":false,"template":"","format":"standard","meta":{"footnotes":""},"categories":[4012],"tags":[331,332,106,13,1435,14,15,307,12,317,312,306],"class_list":{"0":"post-395297","1":"post","2":"type-post","3":"status-publish","4":"format-standard","5":"has-post-thumbnail","7":"category-ukraine","8":"tag-aktuelle-nachrichten","9":"tag-aktuelle-news","10":"tag-donald-trump","11":"tag-headlines","12":"tag-krieg-in-der-ukraine","13":"tag-nachrichten","14":"tag-news","15":"tag-russland","16":"tag-schlagzeilen","17":"tag-ukraine","18":"tag-ukrainekrieg","19":"tag-wladimir-putin"},"share_on_mastodon":{"url":"https:\/\/pubeurope.com\/@de\/115144041756194291","error":""},"_links":{"self":[{"href":"https:\/\/www.europesays.com\/de\/wp-json\/wp\/v2\/posts\/395297","targetHints":{"allow":["GET"]}}],"collection":[{"href":"https:\/\/www.europesays.com\/de\/wp-json\/wp\/v2\/posts"}],"about":[{"href":"https:\/\/www.europesays.com\/de\/wp-json\/wp\/v2\/types\/post"}],"author":[{"embeddable":true,"href":"https:\/\/www.europesays.com\/de\/wp-json\/wp\/v2\/users\/2"}],"replies":[{"embeddable":true,"href":"https:\/\/www.europesays.com\/de\/wp-json\/wp\/v2\/comments?post=395297"}],"version-history":[{"count":0,"href":"https:\/\/www.europesays.com\/de\/wp-json\/wp\/v2\/posts\/395297\/revisions"}],"wp:featuredmedia":[{"embeddable":true,"href":"https:\/\/www.europesays.com\/de\/wp-json\/wp\/v2\/media\/395298"}],"wp:attachment":[{"href":"https:\/\/www.europesays.com\/de\/wp-json\/wp\/v2\/media?parent=395297"}],"wp:term":[{"taxonomy":"category","embeddable":true,"href":"https:\/\/www.europesays.com\/de\/wp-json\/wp\/v2\/categories?post=395297"},{"taxonomy":"post_tag","embeddable":true,"href":"https:\/\/www.europesays.com\/de\/wp-json\/wp\/v2\/tags?post=395297"}],"curies":[{"name":"wp","href":"https:\/\/api.w.org\/{rel}","templated":true}]}}