{"id":395302,"date":"2025-09-04T04:05:17","date_gmt":"2025-09-04T04:05:17","guid":{"rendered":"https:\/\/www.europesays.com\/de\/395302\/"},"modified":"2025-09-04T04:05:17","modified_gmt":"2025-09-04T04:05:17","slug":"frankreich-fuehrt-in-den-ersten-8-monaten-des-jahres-den-internationalen-tourismusmarkt-nach-hue-an","status":"publish","type":"post","link":"https:\/\/www.europesays.com\/de\/395302\/","title":{"rendered":"Frankreich f\u00fchrt in den ersten 8 Monaten des Jahres den internationalen Tourismusmarkt nach Hue an"},"content":{"rendered":"<tr>\n<td style=\"text-align:center;\"><img decoding=\"async\" alt=\"\" class=\"imgtelerik\" loading=\"lazy\" src=\"https:\/\/www.europesays.com\/de\/wp-content\/uploads\/2025\/09\/90e6c46ed5194a8d940bd7856f749bc2.jpeg\"\/><\/td>\n<\/tr>\n<tr class=\"alt_imgEditor\">\n<td> Internationale Besucher in <a class=\"data-link\" data-org-href=\"https:\/\/www.vietnam.vn\/destination\/thua-thien-hue\" href=\"https:\/\/www.vietnam.vn\/destination\/thua-thien-hue\" title=\"Farbton\" target=\"_blank\" rel=\"nofollow noopener\">Hue<\/a> anl\u00e4sslich des Feiertags am 2. September<\/td>\n<\/tr>\n<p> Nach Angaben des Vertreters des <a class=\"data-link\" data-org-href=\"https:\/\/www.vietnam.vn\/du-lich\" href=\"https:\/\/www.vietnam.vn\/du-lich\" title=\"Tourismus\" target=\"_blank\" rel=\"nofollow noopener\">Tourismusministeriums<\/a> wird die Zahl der Touristen in Hue in den ersten acht Monaten des Jahres 2025 auf \u00fcber 4,6 Millionen gesch\u00e4tzt, was einem Anstieg von 68 % gegen\u00fcber dem gleichen Zeitraum des Vorjahres entspricht. Davon werden sch\u00e4tzungsweise fast 1,3 Millionen internationale Besucher sein, was einem Anstieg von \u00fcber 39 % gegen\u00fcber dem gleichen Zeitraum des Vorjahres entspricht. Die Zahl der inl\u00e4ndischen Besucher wird auf \u00fcber 3,3 Millionen gesch\u00e4tzt, was einem Anstieg von fast 83 % gegen\u00fcber dem gleichen Zeitraum des Vorjahres entspricht.<\/p>\n<p> Auch die Zahl der Besucher hat sich positiv entwickelt und liegt sch\u00e4tzungsweise bei \u00fcber 1,7 Millionen, ein Anstieg von 24,5 % gegen\u00fcber dem Vorjahreszeitraum. Davon stammen sch\u00e4tzungsweise \u00fcber 483.000 internationale Besucher, ein Anstieg von 9 % gegen\u00fcber dem Vorjahreszeitraum. Die Einnahmen aus dem Tourismus werden auf \u00fcber 8.740 Milliarden VND gesch\u00e4tzt, ein Anstieg von 57 % gegen\u00fcber dem Vorjahreszeitraum.<\/p>\n<p> Im August 2025 wurde die Zahl der Besucher in Hue auf fast 594.300 gesch\u00e4tzt, ein Anstieg von mehr als 50 % gegen\u00fcber dem gleichen Zeitraum des Vorjahres. Davon wurden mehr als 83.880 internationale Besucher gesch\u00e4tzt, ein Anstieg von 25,5 % gegen\u00fcber dem gleichen Zeitraum des Vorjahres. Die Zahl der inl\u00e4ndischen Besucher wurde auf fast 510.400 gesch\u00e4tzt, ein Anstieg von mehr als 55 % gegen\u00fcber dem gleichen Zeitraum des Vorjahres.<\/p>\n<p> Frankreich ist derzeit mit fast 64.200 Ank\u00fcnften in 8 Monaten f\u00fchrend auf dem internationalen Tourismusmarkt in Hue und macht damit 13,5 % des Marktanteils der internationalen Besucher in Hue aus. Es folgen die USA mit fast 45.200 Ank\u00fcnften und einem Marktanteil von 9,5 %; Gro\u00dfbritannien mit mehr als 36.200 Ank\u00fcnften und einem Marktanteil von 7,6 %.<\/p>\n<p> GL\u00dcCKLICH<\/p>\n<p class=\"mb-0\"> Quelle: https:\/\/huengaynay.vn\/du-lich\/phap-dan-dau-thi-truong-khach-quoc-te-den-hue-8-thang-dau-nam-157417.html<\/p>\n","protected":false},"excerpt":{"rendered":"Internationale Besucher in Hue anl\u00e4sslich des Feiertags am 2. September Nach Angaben des Vertreters des Tourismusministeriums wird die&hellip;\n","protected":false},"author":2,"featured_media":395303,"comment_status":"","ping_status":"","sticky":false,"template":"","format":"standard","meta":{"footnotes":""},"categories":[3974],"tags":[331,332,548,663,3934,3980,156,13,105776,105775,14,15,12,105774,34495],"class_list":{"0":"post-395302","1":"post","2":"type-post","3":"status-publish","4":"format-standard","5":"has-post-thumbnail","7":"category-frankreich","8":"tag-aktuelle-nachrichten","9":"tag-aktuelle-news","10":"tag-eu","11":"tag-europa","12":"tag-europe","13":"tag-france","14":"tag-frankreich","15":"tag-headlines","16":"tag-internationale-gaeste","17":"tag-kundenmarkt","18":"tag-nachrichten","19":"tag-news","20":"tag-schlagzeilen","21":"tag-tourismus-hue","22":"tag-tourist"},"share_on_mastodon":{"url":"https:\/\/pubeurope.com\/@de\/115144053697009404","error":""},"_links":{"self":[{"href":"https:\/\/www.europesays.com\/de\/wp-json\/wp\/v2\/posts\/395302","targetHints":{"allow":["GET"]}}],"collection":[{"href":"https:\/\/www.europesays.com\/de\/wp-json\/wp\/v2\/posts"}],"about":[{"href":"https:\/\/www.europesays.com\/de\/wp-json\/wp\/v2\/types\/post"}],"author":[{"embeddable":true,"href":"https:\/\/www.europesays.com\/de\/wp-json\/wp\/v2\/users\/2"}],"replies":[{"embeddable":true,"href":"https:\/\/www.europesays.com\/de\/wp-json\/wp\/v2\/comments?post=395302"}],"version-history":[{"count":0,"href":"https:\/\/www.europesays.com\/de\/wp-json\/wp\/v2\/posts\/395302\/revisions"}],"wp:featuredmedia":[{"embeddable":true,"href":"https:\/\/www.europesays.com\/de\/wp-json\/wp\/v2\/media\/395303"}],"wp:attachment":[{"href":"https:\/\/www.europesays.com\/de\/wp-json\/wp\/v2\/media?parent=395302"}],"wp:term":[{"taxonomy":"category","embeddable":true,"href":"https:\/\/www.europesays.com\/de\/wp-json\/wp\/v2\/categories?post=395302"},{"taxonomy":"post_tag","embeddable":true,"href":"https:\/\/www.europesays.com\/de\/wp-json\/wp\/v2\/tags?post=395302"}],"curies":[{"name":"wp","href":"https:\/\/api.w.org\/{rel}","templated":true}]}}