{"id":395333,"date":"2025-09-04T04:29:15","date_gmt":"2025-09-04T04:29:15","guid":{"rendered":"https:\/\/www.europesays.com\/de\/395333\/"},"modified":"2025-09-04T04:29:15","modified_gmt":"2025-09-04T04:29:15","slug":"parkaerger-in-dortmund-eving-anwohner-fordern-loesungen","status":"publish","type":"post","link":"https:\/\/www.europesays.com\/de\/395333\/","title":{"rendered":"Park\u00e4rger in Dortmund-Eving: Anwohner fordern L\u00f6sungen"},"content":{"rendered":"<p>\t\t\u201eEs geht nur um wenige Zentimeter\u201c<br \/>\n\t\t\t\t\tPark\u00e4rger in enger Stra\u00dfe &#8211; Anwohner fordern L\u00f6sungen<\/p>\n<p>\t\t<img alt=\"\" src=\"https:\/\/www.europesays.com\/de\/wp-content\/uploads\/2025\/05\/630_0036_48786_.jpg\"  class=\"avatar avatar-36 photo avatar-default\" height=\"36\" width=\"36\" loading=\"lazy\" decoding=\"async\"\/>\t\t<a class=\"article-author__name\" href=\"https:\/\/www.ruhrnachrichten.de\/author\/andreas-schroeter\/\" rel=\"author noopener\" target=\"_blank\">Andreas Schr\u00f6ter<\/a><br \/>\n\t\tRedakteur<\/p>\n<p>    <a href=\"https:\/\/www.ruhrnachrichten.de\/wp-content\/uploads\/2025\/09\/02\/11\/630_0900_4994770_IMG_6502-1648x824.jpg\" target=\"_blank\" rel=\"noopener\"><\/p>\n<p>            <img loading=\"lazy\" decoding=\"async\" src=\"https:\/\/www.europesays.com\/de\/wp-content\/uploads\/2025\/09\/630_0900_4994769_IMG_6502-640x428.jpg\" width=\"640\" height=\"428\"  alt=\"Christiane Hanke und Peter Langele fordern L\u00f6sungen f\u00fcr den Wesselingweg in Eving, die das Parkproblem lindern.\"\/><\/p>\n<p>    <\/a><br \/>\n    Christiane Hanke und Peter Langele fordern L\u00f6sungen f\u00fcr den Wesselingweg in Eving, die das Parkproblem lindern. \u00a9 Andreas Schr\u00f6ter<\/p>\n<p class=\"article__teaser-text\">Anwohner einer kleinen Stra\u00dfe in Eving f\u00fchlen sich im Stich gelassen: Ein offener Brief an Stadt und Vonovia soll die Parkplatznot beenden.<\/p>\n<p>2 Min Lesezeit<\/p>\n<p>Stadt verweist auf Ratsbeschluss<\/p>\n","protected":false},"excerpt":{"rendered":"\u201eEs geht nur um wenige Zentimeter\u201c Park\u00e4rger in enger Stra\u00dfe &#8211; Anwohner fordern L\u00f6sungen Andreas Schr\u00f6ter Redakteur Christiane&hellip;\n","protected":false},"author":2,"featured_media":395334,"comment_status":"","ping_status":"","sticky":false,"template":"","format":"standard","meta":{"footnotes":""},"categories":[1833],"tags":[3364,29,217,30,1209,21580,3587],"class_list":{"0":"post-395333","1":"post","2":"type-post","3":"status-publish","4":"format-standard","5":"has-post-thumbnail","7":"category-dortmund","8":"tag-de","9":"tag-deutschland","10":"tag-dortmund","11":"tag-germany","12":"tag-nordrhein-westfalen","13":"tag-parkplatznot","14":"tag-verkehr-mobilitaet"},"share_on_mastodon":{"url":"https:\/\/pubeurope.com\/@de\/115144147838548469","error":""},"_links":{"self":[{"href":"https:\/\/www.europesays.com\/de\/wp-json\/wp\/v2\/posts\/395333","targetHints":{"allow":["GET"]}}],"collection":[{"href":"https:\/\/www.europesays.com\/de\/wp-json\/wp\/v2\/posts"}],"about":[{"href":"https:\/\/www.europesays.com\/de\/wp-json\/wp\/v2\/types\/post"}],"author":[{"embeddable":true,"href":"https:\/\/www.europesays.com\/de\/wp-json\/wp\/v2\/users\/2"}],"replies":[{"embeddable":true,"href":"https:\/\/www.europesays.com\/de\/wp-json\/wp\/v2\/comments?post=395333"}],"version-history":[{"count":0,"href":"https:\/\/www.europesays.com\/de\/wp-json\/wp\/v2\/posts\/395333\/revisions"}],"wp:featuredmedia":[{"embeddable":true,"href":"https:\/\/www.europesays.com\/de\/wp-json\/wp\/v2\/media\/395334"}],"wp:attachment":[{"href":"https:\/\/www.europesays.com\/de\/wp-json\/wp\/v2\/media?parent=395333"}],"wp:term":[{"taxonomy":"category","embeddable":true,"href":"https:\/\/www.europesays.com\/de\/wp-json\/wp\/v2\/categories?post=395333"},{"taxonomy":"post_tag","embeddable":true,"href":"https:\/\/www.europesays.com\/de\/wp-json\/wp\/v2\/tags?post=395333"}],"curies":[{"name":"wp","href":"https:\/\/api.w.org\/{rel}","templated":true}]}}