{"id":395363,"date":"2025-09-04T04:46:10","date_gmt":"2025-09-04T04:46:10","guid":{"rendered":"https:\/\/www.europesays.com\/de\/395363\/"},"modified":"2025-09-04T04:46:10","modified_gmt":"2025-09-04T04:46:10","slug":"berlin-brandenburg-nach-sonnigem-donnerstag-ziehen-gewitter-auf","status":"publish","type":"post","link":"https:\/\/www.europesays.com\/de\/395363\/","title":{"rendered":"Berlin &#038; Brandenburg: Nach sonnigem Donnerstag ziehen Gewitter auf"},"content":{"rendered":"<p>                    Berlin &amp; Brandenburg<br \/>\n                Nach sonnigem Donnerstag ziehen Gewitter auf<\/p>\n<p>\t\t\t\t              04.09.2025, 06:08 Uhr<\/p>\n<p><strong>Der Tag bringt bis zu 29 Grad und Sonnenschein \u2013 doch abends ziehen Regen und Gewitter in Berlin und Brandenburg auf. Wie sich das Wetter bis Samstag in der Hauptstadtregion entwickelt.<\/strong><\/p>\n<p>Berlin\/Potsdam (dpa\/bb) &#8211; Die Hauptstadtregion startet sonnig und warm in den Tag, bevor das Wetter am Abend kippt. Nach Angaben des Deutschen Wetterdienstes (DWD) bleibt es bei 26 bis 29 Grad Celsius tags\u00fcber meist freundlich und trocken, doch ab dem sp\u00e4ten Abend ziehen von S\u00fcdwesten her Regen und teils kr\u00e4ftige Gewitter auf. Besonders im Westen Brandenburgs kann es dabei auch Starkregen, Sturmb\u00f6en und kleink\u00f6rnigen Hagel geben.<\/p>\n<p>In der Nacht zum Freitag h\u00e4lt der Regen zun\u00e4chst an, nur im Osten bleibt es noch l\u00e4nger trocken. Die Temperaturen sinken auf 16 bis 13 Grad. Am Freitag ziehen dann die Schauer und Gewitter zun\u00e4chst ostw\u00e4rts ab, ehe es am Nachmittag wieder unbest\u00e4ndig wird. Dann gibt es den Wetterexperten zufolge bei 20 bis 22 Grad erneut Schauer oder Gewitter.\u00a0<\/p>\n<p>Das Wochenende gestaltet sich ruhiger: Am Samstag wechseln sich Sonne und Wolken ab. Bei h\u00f6chstens 23 Grad bleibt es gr\u00f6\u00dftenteils trocken.<\/p>\n","protected":false},"excerpt":{"rendered":"Berlin &amp; Brandenburg Nach sonnigem Donnerstag ziehen Gewitter auf 04.09.2025, 06:08 Uhr Der Tag bringt bis zu 29&hellip;\n","protected":false},"author":2,"featured_media":395364,"comment_status":"","ping_status":"","sticky":false,"template":"","format":"standard","meta":{"footnotes":""},"categories":[1816],"tags":[1960,1958,1959,1957,296,1956,1890,29,26417,30,19634,9347],"class_list":{"0":"post-395363","1":"post","2":"type-post","3":"status-publish","4":"format-standard","5":"has-post-thumbnail","7":"category-brandenburg","8":"tag-aktuelle-nachrichten-aus-berlin-und-brandenburg","9":"tag-aktuelle-nachrichten-aus-brandenburg","10":"tag-aktuelle-news-aus-berlin-und-brandenburg","11":"tag-aktuelle-news-aus-brandenburg","12":"tag-berlin","13":"tag-berlin-und-brandenburg","14":"tag-brandenburg","15":"tag-deutschland","16":"tag-donnerstag","17":"tag-germany","18":"tag-gewitter","19":"tag-nach"},"share_on_mastodon":{"url":"https:\/\/pubeurope.com\/@de\/115144214715530522","error":""},"_links":{"self":[{"href":"https:\/\/www.europesays.com\/de\/wp-json\/wp\/v2\/posts\/395363","targetHints":{"allow":["GET"]}}],"collection":[{"href":"https:\/\/www.europesays.com\/de\/wp-json\/wp\/v2\/posts"}],"about":[{"href":"https:\/\/www.europesays.com\/de\/wp-json\/wp\/v2\/types\/post"}],"author":[{"embeddable":true,"href":"https:\/\/www.europesays.com\/de\/wp-json\/wp\/v2\/users\/2"}],"replies":[{"embeddable":true,"href":"https:\/\/www.europesays.com\/de\/wp-json\/wp\/v2\/comments?post=395363"}],"version-history":[{"count":0,"href":"https:\/\/www.europesays.com\/de\/wp-json\/wp\/v2\/posts\/395363\/revisions"}],"wp:featuredmedia":[{"embeddable":true,"href":"https:\/\/www.europesays.com\/de\/wp-json\/wp\/v2\/media\/395364"}],"wp:attachment":[{"href":"https:\/\/www.europesays.com\/de\/wp-json\/wp\/v2\/media?parent=395363"}],"wp:term":[{"taxonomy":"category","embeddable":true,"href":"https:\/\/www.europesays.com\/de\/wp-json\/wp\/v2\/categories?post=395363"},{"taxonomy":"post_tag","embeddable":true,"href":"https:\/\/www.europesays.com\/de\/wp-json\/wp\/v2\/tags?post=395363"}],"curies":[{"name":"wp","href":"https:\/\/api.w.org\/{rel}","templated":true}]}}