{"id":395369,"date":"2025-09-04T04:49:11","date_gmt":"2025-09-04T04:49:11","guid":{"rendered":"https:\/\/www.europesays.com\/de\/395369\/"},"modified":"2025-09-04T04:49:11","modified_gmt":"2025-09-04T04:49:11","slug":"berlin-brandenburg-richterbund-verfahrensstau-in-brandenburg-lichtet-sich","status":"publish","type":"post","link":"https:\/\/www.europesays.com\/de\/395369\/","title":{"rendered":"Berlin &#038; Brandenburg: Richterbund: Verfahrensstau in Brandenburg lichtet sich"},"content":{"rendered":"<p>                    Berlin &amp; Brandenburg<br \/>\n                Richterbund: Verfahrensstau in Brandenburg lichtet sich<\/p>\n<p>\t\t\t\t              04.09.2025, 05:03 Uhr<\/p>\n<p><strong>T\u00e4glich neue F\u00e4lle, teils komplexe Ermittlungen: Bundesweit kommen die Staatsanwaltschaften kaum noch hinterher. Die Aktenberge in Brandenburg jedoch lichten sich etwas.<\/strong><\/p>\n<p>Potsdam (dpa\/bb) &#8211; Bei den Staatsanwaltschaften in Brandenburg flacht die Bugwelle unerledigter F\u00e4lle langsam ab. Zur Jahresmitte waren es rund 24.000 offene Verfahren, wie aus einer Umfrage der Deutschen Richterzeitung bei den Landesjustizministerien hervorgeht. Am Vorjahresende lagen noch mehr als 36.000 unerledigte F\u00e4lle in den Schubladen. 2023 waren es sogar circa 43.000.\u00a0<\/p>\n<p>Die Zahl der neu eingegangenen Verfahren ist bei den Staatsanwaltschaften den Angaben zufolge in den vergangenen Jahren stetig gestiegen. 2022 waren es noch rund 165.000, 2023 schon \u00fcber 180.000. Im vergangenen Jahr kamen etwas mehr als 181.500 dazu. Im ersten Halbjahr 2025 waren es bereits knapp 91.000 Verfahren, wie aus den Angaben hervorgeht.\u00a0<\/p>\n<p>So sieht der bundesweite Trend aus<\/p>\n<p>Bundesweit bleibt die Lage angespannt. Zur Jahresmitte 2025 lag die Zahl der offenen F\u00e4lle mit rund 950.850 um etwa 13.000 \u00fcber dem bisherigen Rekordstand vom Jahresende 2024. Im ersten Halbjahr 2025 z\u00e4hlten Ermittlungsbeh\u00f6rden mehr als 2,7 Millionen neue Verfahren. Damit h\u00e4lt das Niveau der Rekordjahre 2023 und 2024 an, in denen jeweils rund 5,5 Millionen neue F\u00e4lle \u00fcber das gesamte Jahr hinzukamen.<\/p>\n<p>Anl\u00e4sslich der Zahlen fordert der Deutsche Richterbund eine schnelle Zusage der L\u00e4nder f\u00fcr neue Stellen in der Justiz. Erst dann k\u00f6nnten die von der Bundesregierung zugesagten 450 Millionen Euro an zus\u00e4tzlichen Mitteln flie\u00dfen. &#8222;Die Strafjustiz darf nicht zum Flaschenhals bei der Kriminalit\u00e4tsbek\u00e4mpfung werden&#8220;, sagte der Bundesgesch\u00e4ftsf\u00fchrer des Richterbundes, Sven Rebehn.<\/p>\n","protected":false},"excerpt":{"rendered":"Berlin &amp; Brandenburg Richterbund: Verfahrensstau in Brandenburg lichtet sich 04.09.2025, 05:03 Uhr T\u00e4glich neue F\u00e4lle, teils komplexe Ermittlungen:&hellip;\n","protected":false},"author":2,"featured_media":395370,"comment_status":"","ping_status":"","sticky":false,"template":"","format":"standard","meta":{"footnotes":""},"categories":[1825],"tags":[296,1890,29,30,105785,105786],"class_list":{"0":"post-395369","1":"post","2":"type-post","3":"status-publish","4":"format-standard","5":"has-post-thumbnail","7":"category-berlin","8":"tag-berlin","9":"tag-brandenburg","10":"tag-deutschland","11":"tag-germany","12":"tag-richterbund","13":"tag-verfahrensstau"},"share_on_mastodon":{"url":"https:\/\/pubeurope.com\/@de\/115144226498117680","error":""},"_links":{"self":[{"href":"https:\/\/www.europesays.com\/de\/wp-json\/wp\/v2\/posts\/395369","targetHints":{"allow":["GET"]}}],"collection":[{"href":"https:\/\/www.europesays.com\/de\/wp-json\/wp\/v2\/posts"}],"about":[{"href":"https:\/\/www.europesays.com\/de\/wp-json\/wp\/v2\/types\/post"}],"author":[{"embeddable":true,"href":"https:\/\/www.europesays.com\/de\/wp-json\/wp\/v2\/users\/2"}],"replies":[{"embeddable":true,"href":"https:\/\/www.europesays.com\/de\/wp-json\/wp\/v2\/comments?post=395369"}],"version-history":[{"count":0,"href":"https:\/\/www.europesays.com\/de\/wp-json\/wp\/v2\/posts\/395369\/revisions"}],"wp:featuredmedia":[{"embeddable":true,"href":"https:\/\/www.europesays.com\/de\/wp-json\/wp\/v2\/media\/395370"}],"wp:attachment":[{"href":"https:\/\/www.europesays.com\/de\/wp-json\/wp\/v2\/media?parent=395369"}],"wp:term":[{"taxonomy":"category","embeddable":true,"href":"https:\/\/www.europesays.com\/de\/wp-json\/wp\/v2\/categories?post=395369"},{"taxonomy":"post_tag","embeddable":true,"href":"https:\/\/www.europesays.com\/de\/wp-json\/wp\/v2\/tags?post=395369"}],"curies":[{"name":"wp","href":"https:\/\/api.w.org\/{rel}","templated":true}]}}