{"id":395377,"date":"2025-09-04T04:53:17","date_gmt":"2025-09-04T04:53:17","guid":{"rendered":"https:\/\/www.europesays.com\/de\/395377\/"},"modified":"2025-09-04T04:53:17","modified_gmt":"2025-09-04T04:53:17","slug":"facelift-fuer-stilpraegende-villa-am-kamp-noe-orf-at","status":"publish","type":"post","link":"https:\/\/www.europesays.com\/de\/395377\/","title":{"rendered":"Facelift f\u00fcr stilpr\u00e4gende Villa am Kamp &#8211; noe.ORF.at"},"content":{"rendered":"<p>    <img decoding=\"async\" src=\"https:\/\/oekastatic.orf.at\/geolocator\/point\/104083\/region.svg\"\/><\/p>\n<p>Die Villa wurde urspr\u00fcnglich 1924 vom Unternehmer Emil Hanebeck  f\u00fcr seine Tochter Gretl errichtet. Die deutsche Industriellenfamilie stand mit Josef Hoffmann gesellschaftlich in Verbindung, der bei Planung und Bau auch beraten haben d\u00fcrfte. Der Bau wurde von einem anderen Architekten eingereicht, aber die Villa wird lange schon dem K\u00fcnstler und Designer Josef Hoffmann, Gr\u00fcndungsmitglied der Wiener Werkst\u00e4tte, zugeordnet.<\/p>\n<p>Der jetzt mit der Renovierung und Sanierung der Villa beauftragte Architekt Johannes Kraus sieht Einfl\u00fcsse der Wiener Werkst\u00e4tte, in der Fassadenornamentik und bei den Fenster- und T\u00fcrausbildungen, aber auch Typisches aus dem tschechischen Kubismus. Dadurch hat die Villa eine gewisse einzigartige Position in Nieder\u00f6sterreich, sagt Kraus.<\/p>\n<p>Alter Charme mit neuem Touch<\/p>\n<p>Spannend sei, wie sich gewisse Stilelemente durch das ganze Haus von au\u00dfen nach innen ziehen, wie die Raute, die man an der Einfriedung, an der Fassade oder beispielsweise an der h\u00f6lzernen Wandvert\u00e4felung findet. Die Betonung der Ecken, die horizontale Schichtung, das pagodenartige Dach waren einst eine Neuheit in der Gestaltung einer Villa.<\/p>\n<p>      <img decoding=\"async\" class=\"lazy-loading\" bad-src=\"data:image\/svg+xml;charset=utf-8,%3Csvg%20xmlns%3D'http%3A%2F%2Fwww.w3.org%2F2000%2Fsvg'%20viewBox%3D'0%200%201769%201080'%2F%3E\" src=\"https:\/\/www.europesays.com\/de\/wp-content\/uploads\/2025\/09\/2754184_bigpicture_1061275_250903_ke_hoffmann_villa_00_00_17_02.jpg\"  alt=\"Kulturerbe Villa Gars\"\/><\/p>\n<p>   ORF<\/p>\n<p>      Der Villa Gretl werden Einfl\u00fcsse der Wiener Werkst\u00e4tte, aber auch des tschechischen Kubismus zugeschrieben<\/p>\n<p>Ein Gesamtkunstwerk im Sinn der Wiener Werkst\u00e4tte, das nun f\u00fcr eine junge Familie zu modernen Wohnzwecke umgebaut wird, aber seine Einzigartigkeit behalten soll. So werden der alte Fu\u00dfboden, der fr\u00fchere Speiselift der herrschaftlichen Villa, die historischen Wandvert\u00e4felungen, die Kastenfenster mit den verstellbaren Au\u00dfenl\u00e4den und die Fassade lediglich renoviert und bleiben erhalten.<\/p>\n<p>Charakter bewahren<\/p>\n<p>F\u00fcr den Dachboden gibt es hingegen einen Innenausbau, auch moderner Wohnkomfort und Technik werden eingebaut, aber immer alles den Charakter des Hauses wahrend, sagen die Besitzer, die die Villa im Vorjahr kauften. Statt kleiner Einzelr\u00e4ume soll auch ein offeneres Raumgef\u00fcge entstehen, das zu den Bed\u00fcrfnissen einer jungen Familie passt.<\/p>\n<p>      <img decoding=\"async\" class=\"lazy-loading\" bad-src=\"data:image\/svg+xml;charset=utf-8,%3Csvg%20xmlns%3D'http%3A%2F%2Fwww.w3.org%2F2000%2Fsvg'%20viewBox%3D'0%200%201620%201080'%2F%3E\" src=\"https:\/\/www.europesays.com\/de\/wp-content\/uploads\/2025\/09\/2754174_bigpicture_1061274_250903_ke_hoffmann_villa_00_02_17_08.jpg\"  alt=\"Kulturerbe Villa Gars\"\/><\/p>\n<p>   ORF<\/p>\n<p>      Der Dachboden soll ausgebaut und k\u00fcnftig einen modernen Wohnkomfort bieten<\/p>\n<p>Auf diese Weise wird in jedem Fall behutsam und respektvoll ein besonders Architekturjuwel in Gars am Kamp erhalten und belebt. ORTE, das Architekturnetzwerk N\u00d6, veranstaltet kommenden Sonntag eine Baubesichtigung f\u00fcr Interessierte in der Villa Gretl, wof\u00fcr man sich aber anmelden muss.<\/p>\n","protected":false},"excerpt":{"rendered":"Die Villa wurde urspr\u00fcnglich 1924 vom Unternehmer Emil Hanebeck f\u00fcr seine Tochter Gretl errichtet. Die deutsche Industriellenfamilie stand&hellip;\n","protected":false},"author":2,"featured_media":395378,"comment_status":"","ping_status":"","sticky":false,"template":"","format":"standard","meta":{"footnotes":""},"categories":[1775],"tags":[1793,29,214,30,1794,215],"class_list":{"0":"post-395377","1":"post","2":"type-post","3":"status-publish","4":"format-standard","5":"has-post-thumbnail","7":"category-kunst-und-design","8":"tag-art-and-design","9":"tag-deutschland","10":"tag-entertainment","11":"tag-germany","12":"tag-kunst-und-design","13":"tag-unterhaltung"},"share_on_mastodon":{"url":"https:\/\/pubeurope.com\/@de\/115144242397719992","error":""},"_links":{"self":[{"href":"https:\/\/www.europesays.com\/de\/wp-json\/wp\/v2\/posts\/395377","targetHints":{"allow":["GET"]}}],"collection":[{"href":"https:\/\/www.europesays.com\/de\/wp-json\/wp\/v2\/posts"}],"about":[{"href":"https:\/\/www.europesays.com\/de\/wp-json\/wp\/v2\/types\/post"}],"author":[{"embeddable":true,"href":"https:\/\/www.europesays.com\/de\/wp-json\/wp\/v2\/users\/2"}],"replies":[{"embeddable":true,"href":"https:\/\/www.europesays.com\/de\/wp-json\/wp\/v2\/comments?post=395377"}],"version-history":[{"count":0,"href":"https:\/\/www.europesays.com\/de\/wp-json\/wp\/v2\/posts\/395377\/revisions"}],"wp:featuredmedia":[{"embeddable":true,"href":"https:\/\/www.europesays.com\/de\/wp-json\/wp\/v2\/media\/395378"}],"wp:attachment":[{"href":"https:\/\/www.europesays.com\/de\/wp-json\/wp\/v2\/media?parent=395377"}],"wp:term":[{"taxonomy":"category","embeddable":true,"href":"https:\/\/www.europesays.com\/de\/wp-json\/wp\/v2\/categories?post=395377"},{"taxonomy":"post_tag","embeddable":true,"href":"https:\/\/www.europesays.com\/de\/wp-json\/wp\/v2\/tags?post=395377"}],"curies":[{"name":"wp","href":"https:\/\/api.w.org\/{rel}","templated":true}]}}