{"id":395390,"date":"2025-09-04T05:01:11","date_gmt":"2025-09-04T05:01:11","guid":{"rendered":"https:\/\/www.europesays.com\/de\/395390\/"},"modified":"2025-09-04T05:01:11","modified_gmt":"2025-09-04T05:01:11","slug":"apple-verpasst-den-trend-und-droht-millionen-kunden-an-samsung-zu-verlieren","status":"publish","type":"post","link":"https:\/\/www.europesays.com\/de\/395390\/","title":{"rendered":"Apple verpasst den Trend und droht Millionen Kunden an Samsung zu verlieren"},"content":{"rendered":"<p>Apple verpasst den Trend und droht Millionen Kunden an Samsung zu verlieren<\/p>\n<p><img decoding=\"async\" data-hk=\"009321207210101002010\" loading=\"lazy\" src=\"https:\/\/www.europesays.com\/de\/wp-content\/uploads\/2025\/09\/180a56aa-6922-490d-9f60-fa38045584d4.c871d6c7-cc67-4aaf-975d-c866946cf8ee.jpg\" alt=\"privat\" width=\"48\" height=\"48\"\/>Nicole Gigler04.09.202506:19<\/p>\n<p>Eine Umfrage ergab, dass einige iPhone-Nutzer erw\u00e4gen, zu Samsung oder Google zu wechseln. Daf\u00fcr muss jedoch eine Bedingung erf\u00fcllt sein. <\/p>\n<p>Noch hat Apple kein Falt-Handy auf den Markt gebracht. Das k\u00f6nnte negative Auswirkungen auf das Unternehmen haben, wie nun eine Umfrage von &#8222;<a href=\"https:\/\/www.sellcell.com\/blog\/iphone-17-pre-launch-survey\/\" rel=\"nofollow noopener\" target=\"_blank\">Sellcell<\/a>&#8220; berichtet. Einige iPhone-Nutzer zeigen sich offen f\u00fcr einen Wechsel zu Samsung oder Google.\u00a0<\/p>\n<p>Umfrage: 68,3 Prozent planen, auf das iPhone 17 umzusteigen<\/p>\n<p>Vor <a href=\"https:\/\/www.chip.de\/news\/handy\/apple-event-am-9-september-das-iphone-17-air-koennte-kommen_26f539f9-475f-4591-b9ef-3075371077df.html\" rel=\"follow nofollow noopener\" target=\"_self\">Apples September-Keynote<\/a> hat &#8222;SellCell&#8220; 2.000 Amerikaner, die Besitzer eines iPhones sind, befragt. Dabei kam heraus: 68,3 Prozent planen, auf das iPhone 17 umzusteigen. Im Vergleich zum vergangenen Jahr hat sich die Zahl damit erh\u00f6ht. 2024 hatten 61,9 Prozent vor, das iPhone 16 zu besorgen. F\u00fcr das d\u00fcnne iPhone 17 Air interessieren sich demnach 13,5 Prozent.<\/p>\n<p>ANZEIGE<\/p>\n<p>Die Teilnehmer haben sich auch \u00fcber einen Wechsel zu anderen Marken Gedanken gemacht. Es kam heraus, dass sich 20,1 Prozent vorstellen k\u00f6nnen, ein faltbares Ger\u00e4te von <a href=\"https:\/\/www.chip.de\/news\/Vom-Fischhandel-zum-globalen-Tech-Giganten-Alles-was-Sie-ueber-Samsung-wissen-muessen_185207781.html\" rel=\"follow nofollow noopener\" target=\"_self\">Samsung<\/a> nutzen \u2013 wenn <a href=\"https:\/\/www.chip.de\/news\/Apple-Alles-was-Sie-zum-Erfinder-des-iPhones-wissen-sollten_185205338.html\" rel=\"follow nofollow noopener\" target=\"_self\">Apple<\/a> seine eigenen Ger\u00e4te bis 2026 aufschiebt. F\u00fcr die Marke <a href=\"https:\/\/www.chip.de\/news\/Viel-mehr-als-nur-eine-Suchmaschine-Das-ist-der-Tech-Riese-Google_185162839.html\" rel=\"follow nofollow noopener\" target=\"_self\">Google<\/a> nannten diese M\u00f6glichkeit 10,2 Prozent.<\/p>\n<p><img decoding=\"async\" data-hk=\"00932120a1404004010\" loading=\"lazy\"  src=\"https:\/\/www.europesays.com\/de\/wp-content\/uploads\/2025\/09\/2d5cf002-4975-4b73-8643-4c4b54ce3672.30027dda-da1b-43ee-b05d-1f84c1c49d1f.jpg\"  alt=\"Apple, Samsung\" width=\"1280\" height=\"720\"\/> Einige iPhone-Nutzer k\u00f6nnten zu Samsung wechseln. (Symbolbild)  Imago\/SOPA Images Preis des iPhone Fold wohl zwischen 2.000 und 2.500 US-Dollar<\/p>\n<p>Apple <a href=\"https:\/\/www.chip.de\/news\/apple\/start-ab-2026-erwartet-apple-arbeitet-an-seinem-ersten-faltbaren-iphone_dfafab25-3c4a-4b18-8079-fd606f4861c9.html\" rel=\"follow nofollow noopener\" target=\"_self\">arbeitet bereits an seinem ersten faltbaren iPhone. <\/a>Der US-Blogger Mark Gurman enth\u00fcllte bereits Details \u00fcber das Ger\u00e4t. Unter anderem soll das iPhone Fold wohl vier Kameras haben, darunter eine innovative Selfiekamera im aufgeklappten Zustand.\u00a0<\/p>\n<p>Der Preis des iPhone Fold betr\u00e4gt voraussichtlich zwischen 2.000 und 2.500 US-Dollar (1.700 &#8211; 2.100 Euro). Die Ver\u00f6ffentlichung ist parallel zu den Pro-Modellen im Herbst 2026 geplant, w\u00e4hrend die Basis-iPhones im Fr\u00fchjahr darauf folgen sollen.<\/p>\n","protected":false},"excerpt":{"rendered":"Apple verpasst den Trend und droht Millionen Kunden an Samsung zu verlieren Nicole Gigler04.09.202506:19 Eine Umfrage ergab, dass&hellip;\n","protected":false},"author":2,"featured_media":395391,"comment_status":"","ping_status":"","sticky":false,"template":"","format":"standard","meta":{"footnotes":""},"categories":[135],"tags":[29,30,190,189,194,191,193,192],"class_list":{"0":"post-395390","1":"post","2":"type-post","3":"status-publish","4":"format-standard","5":"has-post-thumbnail","7":"category-wissenschaft-technik","8":"tag-deutschland","9":"tag-germany","10":"tag-science","11":"tag-science-technology","12":"tag-technik","13":"tag-technology","14":"tag-wissenschaft","15":"tag-wissenschaft-technik"},"share_on_mastodon":{"url":"https:\/\/pubeurope.com\/@de\/115144273807304672","error":""},"_links":{"self":[{"href":"https:\/\/www.europesays.com\/de\/wp-json\/wp\/v2\/posts\/395390","targetHints":{"allow":["GET"]}}],"collection":[{"href":"https:\/\/www.europesays.com\/de\/wp-json\/wp\/v2\/posts"}],"about":[{"href":"https:\/\/www.europesays.com\/de\/wp-json\/wp\/v2\/types\/post"}],"author":[{"embeddable":true,"href":"https:\/\/www.europesays.com\/de\/wp-json\/wp\/v2\/users\/2"}],"replies":[{"embeddable":true,"href":"https:\/\/www.europesays.com\/de\/wp-json\/wp\/v2\/comments?post=395390"}],"version-history":[{"count":0,"href":"https:\/\/www.europesays.com\/de\/wp-json\/wp\/v2\/posts\/395390\/revisions"}],"wp:featuredmedia":[{"embeddable":true,"href":"https:\/\/www.europesays.com\/de\/wp-json\/wp\/v2\/media\/395391"}],"wp:attachment":[{"href":"https:\/\/www.europesays.com\/de\/wp-json\/wp\/v2\/media?parent=395390"}],"wp:term":[{"taxonomy":"category","embeddable":true,"href":"https:\/\/www.europesays.com\/de\/wp-json\/wp\/v2\/categories?post=395390"},{"taxonomy":"post_tag","embeddable":true,"href":"https:\/\/www.europesays.com\/de\/wp-json\/wp\/v2\/tags?post=395390"}],"curies":[{"name":"wp","href":"https:\/\/api.w.org\/{rel}","templated":true}]}}