{"id":395395,"date":"2025-09-04T05:04:13","date_gmt":"2025-09-04T05:04:13","guid":{"rendered":"https:\/\/www.europesays.com\/de\/395395\/"},"modified":"2025-09-04T05:04:13","modified_gmt":"2025-09-04T05:04:13","slug":"aufnahmeprogramm-pakistan-nimmt-erneut-afghanen-mit-aufnahmezusage-fest","status":"publish","type":"post","link":"https:\/\/www.europesays.com\/de\/395395\/","title":{"rendered":"Aufnahmeprogramm: Pakistan nimmt erneut Afghanen mit Aufnahmezusage fest"},"content":{"rendered":"<p class=\"paragraph article__item\">In <a class=\"rtr-entity\" href=\"https:\/\/www.zeit.de\/thema\/pakistan\" rel=\"nofollow noopener\" target=\"_blank\">Pakistan<\/a> sind erneut <a href=\"https:\/\/www.zeit.de\/gesellschaft\/2025-06\/ausreise-afghanen-pakistan-ortskraefte-verfolgte-deutschland\" class=\"\" target=\"_blank\" rel=\"nofollow noopener\">Menschen aus Afghanistan<\/a> festgenommen worden, die eine Zusage f\u00fcr das <a href=\"https:\/\/www.zeit.de\/politik\/2025-04\/afghanistan-bundesaufnahmeprogramm-ortskraefte-bundeswehr-faq\" class=\"\" target=\"_blank\" rel=\"nofollow noopener\">deutsche Aufnahmeprogramm<\/a> haben. Das best\u00e4tigte das Ausw\u00e4rtige Amt.\n<\/p>\n<p class=\"paragraph article__item\">&#8222;In der Tat ist es leider zutreffend, dass seit gestern Nachmittag erneut Personen aus dem <a href=\"https:\/\/www.zeit.de\/politik\/2025-08\/abschiebungen-afghanistan-pakistan-johann-wadephul-nachrichtenpodcast\" class=\"\" target=\"_blank\" rel=\"nofollow noopener\">Aufnahmeverfahren der Bundesregierung<\/a> in Islamabad festgenommen worden sind&#8220;, teilte ein Sprecher des Ausw\u00e4rtigen Amtes mit. &#8222;Zum jetzigen Zeitpunkt kann ich die genaue Zahl und den Aufenthaltsort aufgrund der Aktualit\u00e4t der Lage nicht im Einzelnen angeben.&#8220; Es liefen Gespr\u00e4che mit der pakistanischen Regierung.\n<\/p>\n<p class=\"paragraph article__item\">Nach Informationen der Nachrichtenagentur dpa, die sich auf pakistanische Polizeikreise beruft, kam es in mindestens zwei G\u00e4steh\u00e4usern, in denen die betroffenen Menschen untergebracht waren, zu Razzien. Demnach wurden die <a href=\"https:\/\/www.zeit.de\/gesellschaft\/2025-08\/abschiebung-pakistan-afghanistan-ortskraefte-gefluechtete-aufnahme-deutschland\" class=\"\" target=\"_blank\" rel=\"nofollow noopener\">Afghanen in Abschiebezentren<\/a> gebracht.\n<\/p>\n<p>        Weitere Festnahmen konnten verhindert werden        <\/p>\n<p class=\"paragraph article__item\">Die Festnahmen wurden auch von der Organisation Kabul Luftbr\u00fccke best\u00e4tigt. &#8222;Das sind pakistanische Sicherheitsbeh\u00f6rden, die jetzt bei den G\u00e4steh\u00e4usern von der Deutschen Gesellschaft f\u00fcr internationale Zusammenarbeit (GIZ) in Islamabad mit gro\u00dfen Lieferwagen vorfahren und alle G\u00e4ste einsammeln&#8220;, sagte die Sprecherin der Organisation, Eva Beyer, der ARD.\n<\/p>\n<p class=\"paragraph article__item\">Nach Angaben der ARD wurde in einem weiteren Fall eine versuchte Festnahme durch pakistanische Polizisten bei einem anderen G\u00e4stehaus durch einen der dort t\u00e4tigen Mitarbeiter verhindert. Diese seien abgezogen, nachdem der Mitarbeiter eingegriffen habe.\n<\/p>\n<p>        UN-Fl\u00fcchtlingskommissar fordert Stopp von Abschiebungen        <\/p>\n<p class=\"paragraph article__item\">Der UN-Fl\u00fcchtlingskommissar Filippo Grandi forderte Pakistan<br \/>\nauf, die Abschiebung afghanischer Fl\u00fcchtlinge auszusetzen. &#8222;Das j\u00fcngste<br \/>\nErdbeben hat mehr als 500.000 Menschen im Osten Afghanistans getroffen&#8220;, schrieb<br \/>\nGrandi auf X. &#8222;Angesichts der Umst\u00e4nde appelliere ich an die pakistanische<br \/>\nRegierung, die Umsetzung des Plans zur R\u00fcckf\u00fchrung illegaler Ausl\u00e4nder<br \/>\nauszusetzen.&#8220; Zuletzt war die <a href=\"https:\/\/www.zeit.de\/gesellschaft\/zeitgeschehen\/2025-09\/erdbeben-afghanistan-todeszahl-anstieg\" class=\"\" target=\"_blank\" rel=\"nofollow noopener\">Zahl der durch das Erdbeben get\u00f6teten Menschen auf mindestens 1.400 gestiegen<\/a>.\u00a0\n<\/p>\n<p>                            \u00a9\u00a0Lea Dohle<\/p>\n<p>\n                                        Newsletter<br \/>\n                                        Was jetzt? \u2013 Der t\u00e4gliche Morgen\u00fcberblick<\/p>\n<p class=\"newsletter-signup__text\">Starten Sie mit unserem kurzen Nachrichten-Newsletter in den Tag. Erhalten Sie zudem freitags den US-Sonderletter &#8222;Was jetzt, America?&#8220; sowie das digitale Magazin ZEIT am Wochenende.<\/p>\n<p class=\"newsletter-signup__datapolicy\" hidden=\"\">\n            Mit Ihrer Registrierung nehmen Sie die <a href=\"https:\/\/datenschutz.zeit.de\/zon#Newsletter\" target=\"_blank\" rel=\"nofollow noopener\">Datenschutzerkl\u00e4rung<\/a> zur Kenntnis.\n        <\/p>\n<p>    Vielen Dank! Wir haben Ihnen eine E-Mail geschickt.<\/p>\n<p>Pr\u00fcfen Sie Ihr Postfach und best\u00e4tigen Sie das Newsletter-Abonnement.<\/p>\n<p class=\"paragraph article__item\">Die Beh\u00f6rden in Pakistan hatten bereits im August hunderte Afghanen aus dem deutschen Aufnahmeprogramm festgenommen. 210 Menschen wurden bereits nach Afghanistan abgeschoben.\u00a0Die Betroffenen wandten sich am Montag in einem verzweifelten Brief an die <a class=\"rtr-entity\" href=\"https:\/\/www.zeit.de\/thema\/bundesregierung\" rel=\"nofollow noopener\" target=\"_blank\">Bundesregierung<\/a> und baten um Hilfe.\n<\/p>\n<p>        Gr\u00fcne kritisieren Tatenlosigkeit der Bundesregierung        <\/p>\n<p class=\"paragraph article__item\">Bundestagsabgeordnete der Gr\u00fcnen erinnerten in dem Zusammenhang an die Zusage von Au\u00dfenminister Johann Wadephul (CDU), den Afghanen mit Schutzstatus zu helfen, und kritisieren die Tatenlosigkeit der Bundesregierung: &#8222;W\u00e4hrend acht Afghaninnen und Afghanen mit Aufnahmezusagen in Islamabad festgenommen werden, reden sich Kanzler und Au\u00dfenminister die Lage sch\u00f6n&#8220;, sagten Marcel Emmerich und\u00a0Schahina Gambir.\n<\/p>\n<p class=\"paragraph article__item\">&#8222;Das ist ein Wortbruch und ein politisches Totalversagen&#8220;, sagten die Gr\u00fcnen-Abgeordneten. &#8222;Wer Schutz verspricht und dann auf b\u00fcrokratische Vorw\u00e4nde verweist, handelt zynisch und verantwortungslos.&#8220; Statt sie zu retten, setze die Bundesregierung &#8222;auf schmutzige Deals&#8220; mit den in <a class=\"rtr-entity\" href=\"https:\/\/www.zeit.de\/thema\/afghanistan\" rel=\"nofollow noopener\" target=\"_blank\">Afghanistan<\/a> herrschenden <a href=\"https:\/\/www.zeit.de\/2025\/37\/taliban-herrschaft-afghanistan-dah-warda-landwirtschaft\" class=\"\" target=\"_blank\" rel=\"nofollow noopener\">radikalislamischen Taliban<\/a>, warfen Emmerich und Gambir vor.\n<\/p>\n<p>Afghanen mit Schutzstatus<\/p>\n<p>                <a href=\"https:\/\/www.zeit.de\/2025\/37\/taliban-herrschaft-afghanistan-dah-warda-landwirtschaft\" data-ct-label=\"Taliban-Herrschaft: Bl\u00fcten, wo sonst nur Staub ist   \" rel=\"nofollow noopener\" target=\"_blank\"><\/p>\n<p>        Z+ (abopflichtiger Inhalt);<\/p>\n<p>    Taliban-Herrschaft:<br \/>\n                        Bl\u00fcten, wo sonst nur Staub ist   <\/p>\n<p>                <\/a><\/p>\n<p>                <a href=\"https:\/\/www.zeit.de\/gesellschaft\/2025-08\/abschiebung-pakistan-afghanistan-ortskraefte-gefluechtete-aufnahme-deutschland\" data-ct-label=\"Abschiebungen aus Pakistan: Zur\u00fcck ins Land der Taliban\" rel=\"nofollow noopener\" target=\"_blank\"><\/p>\n<p>                        Abschiebungen aus Pakistan:<br \/>\n                        Zur\u00fcck ins Land der Taliban<\/p>\n<p>                <\/a><\/p>\n<p>                <a href=\"https:\/\/www.zeit.de\/gesellschaft\/2025-06\/ausreise-afghanen-pakistan-ortskraefte-verfolgte-deutschland\" data-ct-label=\"Ausreise von Afghanen: &quot;Diese Perspektivlosigkeit ist wie ein langsamer Tod&quot;\" rel=\"nofollow noopener\" target=\"_blank\"><\/p>\n<p>        Z+ (abopflichtiger Inhalt);<\/p>\n<p>    Ausreise von Afghanen:<br \/>\n                        &#8222;Diese Perspektivlosigkeit ist wie ein langsamer Tod&#8220;<\/p>\n<p>                <\/a><\/p>\n","protected":false},"excerpt":{"rendered":"In Pakistan sind erneut Menschen aus Afghanistan festgenommen worden, die eine Zusage f\u00fcr das deutsche Aufnahmeprogramm haben. Das&hellip;\n","protected":false},"author":2,"featured_media":395396,"comment_status":"","ping_status":"","sticky":false,"template":"","format":"standard","meta":{"footnotes":""},"categories":[2],"tags":[7451,13769,38,1173,29,30,13,382,14,15,10670,16,12,15451,10,8,9,11],"class_list":{"0":"post-395395","1":"post","2":"type-post","3":"status-publish","4":"format-standard","5":"has-post-thumbnail","7":"category-deutschland","8":"tag-afghanistan","9":"tag-aufnahmeprogramm","10":"tag-auswaertiges-amt","11":"tag-bundesregierung","12":"tag-deutschland","13":"tag-germany","14":"tag-headlines","15":"tag-migration","16":"tag-nachrichten","17":"tag-news","18":"tag-pakistan","19":"tag-politik","20":"tag-schlagzeilen","21":"tag-taliban","22":"tag-top-news","23":"tag-top-meldungen","24":"tag-topmeldungen","25":"tag-topnews"},"share_on_mastodon":{"url":"https:\/\/pubeurope.com\/@de\/115144285427084627","error":""},"_links":{"self":[{"href":"https:\/\/www.europesays.com\/de\/wp-json\/wp\/v2\/posts\/395395","targetHints":{"allow":["GET"]}}],"collection":[{"href":"https:\/\/www.europesays.com\/de\/wp-json\/wp\/v2\/posts"}],"about":[{"href":"https:\/\/www.europesays.com\/de\/wp-json\/wp\/v2\/types\/post"}],"author":[{"embeddable":true,"href":"https:\/\/www.europesays.com\/de\/wp-json\/wp\/v2\/users\/2"}],"replies":[{"embeddable":true,"href":"https:\/\/www.europesays.com\/de\/wp-json\/wp\/v2\/comments?post=395395"}],"version-history":[{"count":0,"href":"https:\/\/www.europesays.com\/de\/wp-json\/wp\/v2\/posts\/395395\/revisions"}],"wp:featuredmedia":[{"embeddable":true,"href":"https:\/\/www.europesays.com\/de\/wp-json\/wp\/v2\/media\/395396"}],"wp:attachment":[{"href":"https:\/\/www.europesays.com\/de\/wp-json\/wp\/v2\/media?parent=395395"}],"wp:term":[{"taxonomy":"category","embeddable":true,"href":"https:\/\/www.europesays.com\/de\/wp-json\/wp\/v2\/categories?post=395395"},{"taxonomy":"post_tag","embeddable":true,"href":"https:\/\/www.europesays.com\/de\/wp-json\/wp\/v2\/tags?post=395395"}],"curies":[{"name":"wp","href":"https:\/\/api.w.org\/{rel}","templated":true}]}}