{"id":39543,"date":"2025-04-17T16:34:12","date_gmt":"2025-04-17T16:34:12","guid":{"rendered":"https:\/\/www.europesays.com\/de\/39543\/"},"modified":"2025-04-17T16:34:12","modified_gmt":"2025-04-17T16:34:12","slug":"drei-verdaechtige-nach-messerattacke-festgenommen","status":"publish","type":"post","link":"https:\/\/www.europesays.com\/de\/39543\/","title":{"rendered":"Drei Verd\u00e4chtige nach Messerattacke festgenommen"},"content":{"rendered":"<p>Waffe in Gew\u00e4sser entdeckt <\/p>\n<p>Nach Messerattacke in Essen: Drei Verd\u00e4chtige in Haft<\/p>\n<p>17.04.2025 &#8211; 08:41 UhrLesedauer: 1 Min.<\/p>\n<p><a href=\"#focus-0\" class=\"transition-colors duration-200 focus-within:text-magenta block text-current relative\" data-sctrack=\"FocusGalleryImage.Reference\"><img fetchpriority=\"high\" data-testid=\"Opener.Image\" style=\"--lqipURL:url('https:\/\/images.t-online.de\/2025\/04\/C8MlPhXxAyFH\/0x75:800x450\/fit-in\/150x0\/filters:blur(25)\/image.jpg')\"   loading=\"eager\" src=\"https:\/\/www.europesays.com\/de\/wp-content\/uploads\/2025\/04\/1744907651_226_image.jpg\" alt=\"urn:newsml:dpa.com:20090101:250416-935-538009\" title=\"urn:newsml:dpa.com:20090101:250416-935-538009\" width=\"800\" height=\"450\" class=\"bg-[url:var(--lqipURL)] bg-cover bg-center flex w-full max-w-full h-full\" decoding=\"async\"\/><img style=\"--width:32;--height:32\" loading=\"lazy\" src=\"https:\/\/www.europesays.com\/de\/wp-content\/uploads\/2025\/03\/zoom-in.f7dae02f.svg.svg+xml\" alt=\"Vergr\u00f6\u00dfern des Bildes\" title=\"Vergr\u00f6\u00dfern des Bildes\" class=\"&#10;        block&#10;        h-[calc(var(--height)_\/_16_*_1rem)]&#10;        w-[calc(var(--width)_\/_16_*_1rem)]&#10;        max-w-none&#10;        absolute bottom-8 right-8 rounded-4 bg-snow p-8\" decoding=\"async\"\/><\/a><\/p>\n<p>Ein Polizeiauto in Nahaufnahme (Symbolbild): Nach einem lebensbedrohlichen Messerangriff auf einen 24-J\u00e4hrigen in Essen sitzen drei M\u00e4nner in Haft. (Quelle: David Inderlied)<\/p>\n<p class=\"font-bold text-18 leading-17\">Zwei M\u00e4nnergruppen geraten in heftigen Streit, gehen aber zun\u00e4chst auseinander. Als sie sich wieder treffen, kommt es zu einer blutigen Messerattacke.<\/p>\n<p class=\"text-18 leading-17\">Bei Ermittlungen in einem nahegelegenen Gew\u00e4sser wurde ein K\u00fcchenmesser entdeckt. Die Beh\u00f6rden pr\u00fcfen derzeit, ob es sich um die Tatwaffe handeln k\u00f6nnte.<\/p>\n<p class=\"text-18 leading-17\">Nach dem bisherigen Ermittlungsstand hatte es am 22. M\u00e4rz in einer Essener Wohnung Streit zwischen zwei Gruppen mit jeweils drei M\u00e4nnern gegeben. Die Gr\u00fcnde daf\u00fcr seien noch Gegenstand der Ermittlung. Stunden sp\u00e4ter trafen beide Gruppen in dem innenstadtnahen Universit\u00e4tspark &#8222;Gr\u00fcne Mitte&#8220; <a class=\"transition-colors duration-200 cursor-pointer text-inherit no-underline text-salemsfur md:hover:text-magenta md:hover:border-magenta md:focus:text-magenta border-current border-b border-solid break-words\" href=\"https:\/\/www.t-online.de\/region\/essen\/\" data-sctrack=\"BodyAnchor\" target=\"_blank\" rel=\"noopener\">in Essen<\/a> erneut aufeinander. Dabei sollen der 21-j\u00e4hrige Verd\u00e4chtige mit einer Holzlatte und der 25-J\u00e4hrige mit einer Flasche auf die Kontrahenten eingeschlagen haben.<\/p>\n<p class=\"text-18 leading-17\">Der 27 Jahre alte Mann habe mehrfach auf den 24-J\u00e4hrigen eingestochen, so die Mitteilung. Die drei Verd\u00e4chtigen wurden in Zusammenarbeit mit niederl\u00e4ndischen Ermittlern im Nachbarland festgenommen und nach Deutschland \u00fcberstellt.<\/p>\n<p class=\"text-18 leading-17\">Zwei weitere M\u00e4nner im Alter von 17 und 27 Jahren, die kurz nach der Tat vorl\u00e4ufig festgenommen wurden, sind wieder auf freiem Fu\u00df. Sie waren zwar bei der Tat anwesend, jedoch hat sich der Verdacht gegen sie nicht best\u00e4tigt, wie ein Sprecher mitteilte.<\/p>\n","protected":false},"excerpt":{"rendered":"Waffe in Gew\u00e4sser entdeckt Nach Messerattacke in Essen: Drei Verd\u00e4chtige in Haft 17.04.2025 &#8211; 08:41 UhrLesedauer: 1 Min.&hellip;\n","protected":false},"author":2,"featured_media":39544,"comment_status":"","ping_status":"","sticky":false,"template":"","format":"standard","meta":{"footnotes":""},"categories":[1834],"tags":[3364,29,3688,30,15696,20441,1981,2841,2842,1209,176,121,15580,3856],"class_list":{"0":"post-39543","1":"post","2":"type-post","3":"status-publish","4":"format-standard","5":"has-post-thumbnail","7":"category-essen","8":"tag-de","9":"tag-deutschland","10":"tag-essen","11":"tag-germany","12":"tag-gewaesser","13":"tag-maennergruppe","14":"tag-messer","15":"tag-messerangriff","16":"tag-messerattacke","17":"tag-nordrhein-westfalen","18":"tag-nrw","19":"tag-polizei","20":"tag-polizeiauto","21":"tag-ruhrgebiet"},"share_on_mastodon":{"url":"https:\/\/pubeurope.com\/@de\/114354275284539581","error":""},"_links":{"self":[{"href":"https:\/\/www.europesays.com\/de\/wp-json\/wp\/v2\/posts\/39543","targetHints":{"allow":["GET"]}}],"collection":[{"href":"https:\/\/www.europesays.com\/de\/wp-json\/wp\/v2\/posts"}],"about":[{"href":"https:\/\/www.europesays.com\/de\/wp-json\/wp\/v2\/types\/post"}],"author":[{"embeddable":true,"href":"https:\/\/www.europesays.com\/de\/wp-json\/wp\/v2\/users\/2"}],"replies":[{"embeddable":true,"href":"https:\/\/www.europesays.com\/de\/wp-json\/wp\/v2\/comments?post=39543"}],"version-history":[{"count":0,"href":"https:\/\/www.europesays.com\/de\/wp-json\/wp\/v2\/posts\/39543\/revisions"}],"wp:featuredmedia":[{"embeddable":true,"href":"https:\/\/www.europesays.com\/de\/wp-json\/wp\/v2\/media\/39544"}],"wp:attachment":[{"href":"https:\/\/www.europesays.com\/de\/wp-json\/wp\/v2\/media?parent=39543"}],"wp:term":[{"taxonomy":"category","embeddable":true,"href":"https:\/\/www.europesays.com\/de\/wp-json\/wp\/v2\/categories?post=39543"},{"taxonomy":"post_tag","embeddable":true,"href":"https:\/\/www.europesays.com\/de\/wp-json\/wp\/v2\/tags?post=39543"}],"curies":[{"name":"wp","href":"https:\/\/api.w.org\/{rel}","templated":true}]}}