{"id":395444,"date":"2025-09-04T05:34:20","date_gmt":"2025-09-04T05:34:20","guid":{"rendered":"https:\/\/www.europesays.com\/de\/395444\/"},"modified":"2025-09-04T05:34:20","modified_gmt":"2025-09-04T05:34:20","slug":"bayern-setzte-auf-diesen-trick-beim-jackson-deal","status":"publish","type":"post","link":"https:\/\/www.europesays.com\/de\/395444\/","title":{"rendered":"Bayern setzte auf diesen Trick beim Jackson-Deal"},"content":{"rendered":"<p><strong>Nicolas Jackson wechselte in letzter Minute zum FC Bayern \u2013 doch das Gesch\u00e4ft war alles andere als gew\u00f6hnlich. Hinter dem Deal steckt ein raffiniertes Man\u00f6ver.<\/strong><\/p>\n<p>Urspr\u00fcnglich sollte der Senegalese bereits am Sonntag unterschreiben. Jackson war zu diesem Zweck mit seinem Berater nach M\u00fcnchen gereist \u2013 der Deal schien beschlossene Sache. Doch dann verletzte sich ein St\u00fcrmer bei Chelsea, woraufhin die Londoner das Go f\u00fcr den Wechsel kurzfristig zur\u00fcckzogen. Trotzdem blieb der 24-J\u00e4hrige in der Stadt.<\/p>\n<p>Nachdem beide Klubs die Gespr\u00e4che wieder aufgenommen hatten, wurde nach Informationen der Sport BILD bereits am Montagmorgen auf Wunsch der Spielerseite der Medizincheck durchgef\u00fchrt \u2013 obwohl zu diesem Zeitpunkt weiterhin keine endg\u00fcltige Freigabe vorlag.<\/p>\n<p>Dieses vorausschauende Handeln zahlte sich aus: Wenige Stunden sp\u00e4ter gab Chelsea doch noch gr\u00fcnes Licht \u2013 der Leihtransfer konnte sofort finalisiert werden. Die Bayern zahlen 16,5 Millionen Euro f\u00fcr die einj\u00e4hrige Leihe. Laut BILD <a href=\"https:\/\/fcbinside.de\/2025\/09\/01\/kaufoption-oder-kaufpflicht-fuer-bayern-das-sind-die-details-des-jackson-deals\/\" target=\"_blank\" rel=\"noopener\">greift eine Kaufverpflichtung nur,<\/a> wenn Jackson eine bestimmte Anzahl an Eins\u00e4tzen erreicht \u2013 die H\u00fcrde gilt allerdings als ungew\u00f6hnlich hoch.<\/p>\n<p>Teures Gesamtpaket f\u00fcr Jackson<\/p>\n<p>Sollte es dennoch zu einem festen Wechsel im Sommer 2026 kommen, w\u00e4re eine Abl\u00f6sesumme von 65 Millionen Euro f\u00e4llig. Das Gesamtvolumen w\u00fcrde damit auf 81,5 Millionen Euro steigen \u2013 ohne das Gehalt eingerechnet. Fabrizio Romano spricht von einem ausgehandelten Vertrag bis 2031, Sky nennt ein m\u00f6gliches Jahresgehalt von bis zu 14 Millionen Euro brutto inklusive Bonuszahlungen.<\/p>\n<p>Die Dringlichkeit hinter dem Deal ist nachvollziehbar: Nach den Abg\u00e4ngen von Thomas M\u00fcller, Leroy San\u00e9, Kingsley Coman und Mathys Tel ist die Offensivabteilung ausged\u00fcnnt. Jackson kann mehrere Rollen \u00fcbernehmen \u2013 als Backup f\u00fcr Kane, auf der Zehn oder au\u00dfen.<\/p>\n<p>\u201eDie Jungs m\u00fcssen mehr oder weniger durchspielen\u201c, sagte Sportvorstand Max Eberl mit Blick auf die angespannte Personallage in der Offensive \u2013 zu einem Zeitpunkt, als der Jackson-Transfer noch nicht fix war. Eigentlich wollte man sp\u00e4te Transfers m\u00f6glichst vermeiden, doch die Umst\u00e4nde lie\u00dfen dem Klub kaum Spielraum. Mithilfe des clever eingef\u00e4delten Medizinchecks gelang es schlie\u00dflich doch, die dringend ben\u00f6tigte Verst\u00e4rkung noch rechtzeitig zu sichern.<\/p>\n<p><img decoding=\"async\" class=\"wp-worthy-pixel-img skip-lazy \" src=\"https:\/\/www.europesays.com\/de\/wp-content\/uploads\/2025\/09\/bb1239f411b5468f9ad8a0cc68b07565.gif\" loading=\"eager\" data-no-lazy=\"1\" data-skip-lazy=\"1\" height=\"1\" width=\"1\" alt=\"\"\/><\/p>\n","protected":false},"excerpt":{"rendered":"Nicolas Jackson wechselte in letzter Minute zum FC Bayern \u2013 doch das Gesch\u00e4ft war alles andere als gew\u00f6hnlich.&hellip;\n","protected":false},"author":2,"featured_media":395445,"comment_status":"","ping_status":"","sticky":false,"template":"","format":"standard","meta":{"footnotes":""},"categories":[5],"tags":[331,332,3364,29,30,13,14,15,92857,12],"class_list":{"0":"post-395444","1":"post","2":"type-post","3":"status-publish","4":"format-standard","5":"has-post-thumbnail","7":"category-nachrichten","8":"tag-aktuelle-nachrichten","9":"tag-aktuelle-news","10":"tag-de","11":"tag-deutschland","12":"tag-germany","13":"tag-headlines","14":"tag-nachrichten","15":"tag-news","16":"tag-nicolas-jackson","17":"tag-schlagzeilen"},"share_on_mastodon":{"url":"https:\/\/pubeurope.com\/@de\/115144403638426917","error":""},"_links":{"self":[{"href":"https:\/\/www.europesays.com\/de\/wp-json\/wp\/v2\/posts\/395444","targetHints":{"allow":["GET"]}}],"collection":[{"href":"https:\/\/www.europesays.com\/de\/wp-json\/wp\/v2\/posts"}],"about":[{"href":"https:\/\/www.europesays.com\/de\/wp-json\/wp\/v2\/types\/post"}],"author":[{"embeddable":true,"href":"https:\/\/www.europesays.com\/de\/wp-json\/wp\/v2\/users\/2"}],"replies":[{"embeddable":true,"href":"https:\/\/www.europesays.com\/de\/wp-json\/wp\/v2\/comments?post=395444"}],"version-history":[{"count":0,"href":"https:\/\/www.europesays.com\/de\/wp-json\/wp\/v2\/posts\/395444\/revisions"}],"wp:featuredmedia":[{"embeddable":true,"href":"https:\/\/www.europesays.com\/de\/wp-json\/wp\/v2\/media\/395445"}],"wp:attachment":[{"href":"https:\/\/www.europesays.com\/de\/wp-json\/wp\/v2\/media?parent=395444"}],"wp:term":[{"taxonomy":"category","embeddable":true,"href":"https:\/\/www.europesays.com\/de\/wp-json\/wp\/v2\/categories?post=395444"},{"taxonomy":"post_tag","embeddable":true,"href":"https:\/\/www.europesays.com\/de\/wp-json\/wp\/v2\/tags?post=395444"}],"curies":[{"name":"wp","href":"https:\/\/api.w.org\/{rel}","templated":true}]}}