{"id":395449,"date":"2025-09-04T05:37:11","date_gmt":"2025-09-04T05:37:11","guid":{"rendered":"https:\/\/www.europesays.com\/de\/395449\/"},"modified":"2025-09-04T05:37:11","modified_gmt":"2025-09-04T05:37:11","slug":"30-jaehrige-sina-blaschke-trotzt-schweren-krankheiten","status":"publish","type":"post","link":"https:\/\/www.europesays.com\/de\/395449\/","title":{"rendered":"30-j\u00e4hrige Sina Blaschke trotzt schweren Krankheiten"},"content":{"rendered":"<p>          Bonnerin k\u00e4mpft sich ins Leben zur\u00fcck        \u201eEigentlich lag in dieser OP meine ganze Hoffnung\u201c<\/p>\n<p class=\"text-50 desktop:text-70 park-container-small px-6 mb-10 desktop:mb-14\">Bonn \u00b7 <strong data-cy=\"intro\">Die Bonnerin Sina Blaschke leidet unter mehreren chronischen Krankheiten. Unter anderem muss sie deshalb auch \u00fcber ihren Blutkreislauf ern\u00e4hrt werden. In ihrem ersten Buch schreibt sie \u00fcber das Erlebte: Von der ersten gro\u00dfen Liebe in Frankreich bis hin zu fast t\u00f6dlichen Erkrankungen.<\/strong><\/p>\n<p>                <img class=\"absolute inset-0 w-full h-full object-cover aspect-[16\/10] opacity-0 transition-opacity animated\" onload=\"this.style.opacity = '1';\" src=\"https:\/\/www.europesays.com\/de\/wp-content\/uploads\/2025\/09\/w2100_h1313_x1796_y1230_ga_sina_blaschke_kronisch_krank_bme-2-70fd615955b2c34a.jpg\"  alt=\" T\u00e4glich muss Sina Blaschke ihre Infusionen f\u00fcr die parenterale Ern\u00e4hrung vorbereiten. \" fetchpriority=\"high\" decoding=\"async\" data-park-image-img=\"\"\/><\/p>\n","protected":false},"excerpt":{"rendered":"Bonnerin k\u00e4mpft sich ins Leben zur\u00fcck \u201eEigentlich lag in dieser OP meine ganze Hoffnung\u201c Bonn \u00b7 Die Bonnerin&hellip;\n","protected":false},"author":2,"featured_media":395450,"comment_status":"","ping_status":"","sticky":false,"template":"","format":"standard","meta":{"footnotes":""},"categories":[1842],"tags":[1741,3364,29,30,1209],"class_list":{"0":"post-395449","1":"post","2":"type-post","3":"status-publish","4":"format-standard","5":"has-post-thumbnail","7":"category-bonn","8":"tag-bonn","9":"tag-de","10":"tag-deutschland","11":"tag-germany","12":"tag-nordrhein-westfalen"},"share_on_mastodon":{"url":"https:\/\/pubeurope.com\/@de\/115144415226501624","error":""},"_links":{"self":[{"href":"https:\/\/www.europesays.com\/de\/wp-json\/wp\/v2\/posts\/395449","targetHints":{"allow":["GET"]}}],"collection":[{"href":"https:\/\/www.europesays.com\/de\/wp-json\/wp\/v2\/posts"}],"about":[{"href":"https:\/\/www.europesays.com\/de\/wp-json\/wp\/v2\/types\/post"}],"author":[{"embeddable":true,"href":"https:\/\/www.europesays.com\/de\/wp-json\/wp\/v2\/users\/2"}],"replies":[{"embeddable":true,"href":"https:\/\/www.europesays.com\/de\/wp-json\/wp\/v2\/comments?post=395449"}],"version-history":[{"count":0,"href":"https:\/\/www.europesays.com\/de\/wp-json\/wp\/v2\/posts\/395449\/revisions"}],"wp:featuredmedia":[{"embeddable":true,"href":"https:\/\/www.europesays.com\/de\/wp-json\/wp\/v2\/media\/395450"}],"wp:attachment":[{"href":"https:\/\/www.europesays.com\/de\/wp-json\/wp\/v2\/media?parent=395449"}],"wp:term":[{"taxonomy":"category","embeddable":true,"href":"https:\/\/www.europesays.com\/de\/wp-json\/wp\/v2\/categories?post=395449"},{"taxonomy":"post_tag","embeddable":true,"href":"https:\/\/www.europesays.com\/de\/wp-json\/wp\/v2\/tags?post=395449"}],"curies":[{"name":"wp","href":"https:\/\/api.w.org\/{rel}","templated":true}]}}