{"id":395452,"date":"2025-09-04T05:39:14","date_gmt":"2025-09-04T05:39:14","guid":{"rendered":"https:\/\/www.europesays.com\/de\/395452\/"},"modified":"2025-09-04T05:39:14","modified_gmt":"2025-09-04T05:39:14","slug":"vorschau-lokalzeit-aus-duisburg-programm-12","status":"publish","type":"post","link":"https:\/\/www.europesays.com\/de\/395452\/","title":{"rendered":"Vorschau: Lokalzeit aus Duisburg | Programm"},"content":{"rendered":"<p class=\"b1ja19fa b11cvmny\">Themen: Ausstellung: 60 Jahre Rheinbr\u00fccke Emmerich | T\u00dcV-Warnstreik in Essen | Spielplatzbauer aus Kamp-Lintfort | Studiogespr\u00e4ch: Sebastian Kurtenbach, Buchautor | Kommunalwahl 2025: Wie viele Stimmen braucht man, um in Kleve B\u00fcrgermeister:in zu werden? | 30 Jahre Ebay: Unsere Geschichten | Reporterin Maximiliane Sarwas vom Singabend in Duisburg | Tipps und Termine | Waldjugendspiele in Duisburg | Wetter\t<\/p>\n<p><strong>Bildquelle:<\/strong> WDR<\/p>\n","protected":false},"excerpt":{"rendered":"Themen: Ausstellung: 60 Jahre Rheinbr\u00fccke Emmerich | T\u00dcV-Warnstreik in Essen | Spielplatzbauer aus Kamp-Lintfort | Studiogespr\u00e4ch: Sebastian Kurtenbach,&hellip;\n","protected":false},"author":2,"featured_media":395453,"comment_status":"","ping_status":"","sticky":false,"template":"","format":"standard","meta":{"footnotes":""},"categories":[1838],"tags":[3364,29,3715,30,1209],"class_list":{"0":"post-395452","1":"post","2":"type-post","3":"status-publish","4":"format-standard","5":"has-post-thumbnail","7":"category-duisburg","8":"tag-de","9":"tag-deutschland","10":"tag-duisburg","11":"tag-germany","12":"tag-nordrhein-westfalen"},"share_on_mastodon":{"url":"https:\/\/pubeurope.com\/@de\/115144423257297879","error":""},"_links":{"self":[{"href":"https:\/\/www.europesays.com\/de\/wp-json\/wp\/v2\/posts\/395452","targetHints":{"allow":["GET"]}}],"collection":[{"href":"https:\/\/www.europesays.com\/de\/wp-json\/wp\/v2\/posts"}],"about":[{"href":"https:\/\/www.europesays.com\/de\/wp-json\/wp\/v2\/types\/post"}],"author":[{"embeddable":true,"href":"https:\/\/www.europesays.com\/de\/wp-json\/wp\/v2\/users\/2"}],"replies":[{"embeddable":true,"href":"https:\/\/www.europesays.com\/de\/wp-json\/wp\/v2\/comments?post=395452"}],"version-history":[{"count":0,"href":"https:\/\/www.europesays.com\/de\/wp-json\/wp\/v2\/posts\/395452\/revisions"}],"wp:featuredmedia":[{"embeddable":true,"href":"https:\/\/www.europesays.com\/de\/wp-json\/wp\/v2\/media\/395453"}],"wp:attachment":[{"href":"https:\/\/www.europesays.com\/de\/wp-json\/wp\/v2\/media?parent=395452"}],"wp:term":[{"taxonomy":"category","embeddable":true,"href":"https:\/\/www.europesays.com\/de\/wp-json\/wp\/v2\/categories?post=395452"},{"taxonomy":"post_tag","embeddable":true,"href":"https:\/\/www.europesays.com\/de\/wp-json\/wp\/v2\/tags?post=395452"}],"curies":[{"name":"wp","href":"https:\/\/api.w.org\/{rel}","templated":true}]}}