{"id":395489,"date":"2025-09-04T06:00:17","date_gmt":"2025-09-04T06:00:17","guid":{"rendered":"https:\/\/www.europesays.com\/de\/395489\/"},"modified":"2025-09-04T06:00:17","modified_gmt":"2025-09-04T06:00:17","slug":"bristante-themen-auf-tagesordnung-im-stadtrat","status":"publish","type":"post","link":"https:\/\/www.europesays.com\/de\/395489\/","title":{"rendered":"Bristante Themen auf Tagesordnung im Stadtrat"},"content":{"rendered":"<p class=\"small date article__date\">Ver\u00f6ffentlicht:\u00a0Donnerstag, 04.09.2025 07:06<\/p>\n<p>Nach zehn Jahren im Amt wird K\u00f6lns Oberb\u00fcrgermeisterin Henriette Reker heute Nachmittag zum letzten Mal eine Sitzung des K\u00f6lner Stadtrates leiten. Mitten im Wahlkampf stehen viele auch brisante Themen auf der Tagesordnung.\u00a0<\/p>\n<p><img decoding=\"async\" alt=\"\" src=\"https:\/\/www.europesays.com\/de\/wp-content\/uploads\/2025\/09\/img_0767.jpg&#038;crop=0x252x4032x2520&#038;resize=1280x800&#038;dt=202310261513470.jpeg\" data-size=\"1280x800\"\/>\u00a9 Radio K\u00f6ln\/Waltel<\/p>\n<p>Die SPD hat eine Aktuelle Stunde mit dem Titel &#8222;Wir brauchen jetzt neue Drogenkonsumr\u00e4ume \u2013 fehlender Fahrplan und erneute Verz\u00f6gerungen durch den Sozial- und Gesundheitsdezernenten sind eine Zumutung&#8220; beantragt. Die CDU hat eine Aktuelle Stunde zu den, wie sie schreibt, &#8222;Gewaltexzessen gegen Polizisten im Rahmen des Antikriegs Camp&#8220; angemeldet.<\/p>\n<p>Au\u00dferdem stehen die neuen Parkgeb\u00fchren erneut auf der Tagesordnung. Bislang konnte sich die Politik nicht zu einer Abstimmung durchringen. Ob das mitten im Wahlkampf und in der letzten Sitzung des aktuellen Rates gelingt, bleibt abzuwarten. &#8222;Die Partei&#8220; schl\u00e4gt au\u00dferdem einen B\u00fcrgerentscheid zum umstrittenen Ausbau des Gei\u00dfbockheims auf der Gleueler Wiese vor; de Partei &#8222;Gut und Klima Freunde&#8220; mit einem Antrag die Einf\u00fchrung einer City-Maut sowie L\u00e4rmblitzer. So soll der Innenstadtverkehr reduziert und Bu\u00dfgelder verh\u00e4ngt werden k\u00f6nnen, wenn es zu laut wird.<\/p>\n<p>Der Stadtrat soll heute au\u00dferdem ein Badeverbot im Rhein beschlie\u00dfen. Alle Infos dazu findet ihr <a href=\"https:\/\/www.radiokoeln.de\/artikel\/rat-stimmt-ueber-badeverbot-im-rhein-ab-2430314.html\" rel=\"noopener noreferrer\" target=\"_blank\">hier<\/a>. <\/p>\n<p>(FW|KU|Symbolbild)\u00a0<\/p>\n","protected":false},"excerpt":{"rendered":"Ver\u00f6ffentlicht:\u00a0Donnerstag, 04.09.2025 07:06 Nach zehn Jahren im Amt wird K\u00f6lns Oberb\u00fcrgermeisterin Henriette Reker heute Nachmittag zum letzten Mal&hellip;\n","protected":false},"author":2,"featured_media":395490,"comment_status":"","ping_status":"","sticky":false,"template":"","format":"standard","meta":{"footnotes":""},"categories":[1828],"tags":[2499,29,30,1420,1209],"class_list":{"0":"post-395489","1":"post","2":"type-post","3":"status-publish","4":"format-standard","5":"has-post-thumbnail","7":"category-koeln","8":"tag-kln","9":"tag-deutschland","10":"tag-germany","11":"tag-koeln","12":"tag-nordrhein-westfalen"},"share_on_mastodon":{"url":"https:\/\/pubeurope.com\/@de\/115144505795486018","error":""},"_links":{"self":[{"href":"https:\/\/www.europesays.com\/de\/wp-json\/wp\/v2\/posts\/395489","targetHints":{"allow":["GET"]}}],"collection":[{"href":"https:\/\/www.europesays.com\/de\/wp-json\/wp\/v2\/posts"}],"about":[{"href":"https:\/\/www.europesays.com\/de\/wp-json\/wp\/v2\/types\/post"}],"author":[{"embeddable":true,"href":"https:\/\/www.europesays.com\/de\/wp-json\/wp\/v2\/users\/2"}],"replies":[{"embeddable":true,"href":"https:\/\/www.europesays.com\/de\/wp-json\/wp\/v2\/comments?post=395489"}],"version-history":[{"count":0,"href":"https:\/\/www.europesays.com\/de\/wp-json\/wp\/v2\/posts\/395489\/revisions"}],"wp:featuredmedia":[{"embeddable":true,"href":"https:\/\/www.europesays.com\/de\/wp-json\/wp\/v2\/media\/395490"}],"wp:attachment":[{"href":"https:\/\/www.europesays.com\/de\/wp-json\/wp\/v2\/media?parent=395489"}],"wp:term":[{"taxonomy":"category","embeddable":true,"href":"https:\/\/www.europesays.com\/de\/wp-json\/wp\/v2\/categories?post=395489"},{"taxonomy":"post_tag","embeddable":true,"href":"https:\/\/www.europesays.com\/de\/wp-json\/wp\/v2\/tags?post=395489"}],"curies":[{"name":"wp","href":"https:\/\/api.w.org\/{rel}","templated":true}]}}