{"id":395493,"date":"2025-09-04T06:02:09","date_gmt":"2025-09-04T06:02:09","guid":{"rendered":"https:\/\/www.europesays.com\/de\/395493\/"},"modified":"2025-09-04T06:02:09","modified_gmt":"2025-09-04T06:02:09","slug":"stau-auf-dieser-wichtigen-strasse-in-richtung-muenchen","status":"publish","type":"post","link":"https:\/\/www.europesays.com\/de\/395493\/","title":{"rendered":"Stau auf dieser wichtigen Stra\u00dfe in Richtung M\u00fcnchen"},"content":{"rendered":"<p class=\"mb-6 text-xs md:text-m lg:text-l font-serif group-[.font-sans]:font-sans \">\n    Autofahrer, die am Donnerstagmorgen in Richtung <a href=\"https:\/\/www.augsburger-allgemeine.de\/orte\/aa-muenchen\" target=\"_self\" class=\"underline \" rel=\"nofollow noopener\">M\u00fcnchen<\/a> unterwegs sind, ben\u00f6tigen etwas mehr Zeit. Besonders, wenn sie auf der A8, von Stuttgart kommend, unterwegs sind.\n  <\/p>\n<p class=\"mb-6 text-xs md:text-m lg:text-l font-serif group-[.font-sans]:font-sans \">\n    Denn Verkehrsdienste melden am fr\u00fchen Morgen, dass es sich dort &#8211; zwischen Adelzhauser Berg-S\u00fcd und Odelzhausen &#8211; staut. Und zwar \u00fcber mehrere Kilometer, f\u00fcr die Autofahrer demnach einige Minuten mehr Zeit ben\u00f6tigen.\n  <\/p>\n<p>            Stau auf A8 bei Adelzhausen Richtung M\u00fcnchen: Das ist der Grund<\/p>\n<p class=\"mb-6 text-xs md:text-m lg:text-l font-serif group-[.font-sans]:font-sans \">\n    Grund f\u00fcr den Stau auf der A8 ist laut Bayerninfo eine ungesicherte Unfallstelle. In der Folge sei der Standstreifen blockiert. Das stimmt auch mit der neuesten Meldung des ADAC \u00fcberein.\n  <\/p>\n<p class=\"mb-6 text-xs md:text-m lg:text-l font-serif group-[.font-sans]:font-sans \">\n    Im Augsburger Raum sind die gro\u00dfen Verkehrsadern sonst bislang frei, ebenso haben sich in und um M\u00fcnchen gegen 7 Uhr morgens noch keine gr\u00f6\u00dferen Staus gebildet. F\u00fcr gew\u00f6hnlich setzen diese aber mit zunehmendem Berufsverkehr ein.\n  <\/p>\n<p class=\"mb-6 text-xs md:text-m lg:text-l font-serif group-[.font-sans]:font-sans \">\n    Auf der <a href=\"https:\/\/www.augsburger-allgemeine.de\/friedberg\/unfallflucht-auf-a8-bei-dasing-84-jaehriger-ermittelt-2500-euro-von-schaden-110687202\" target=\"_self\" class=\"underline \" rel=\"nofollow noopener\">A8 bei Dasing prallte im \u00dcbrigen j\u00fcngst ein Auto<\/a> gegen die Betonleitwand, weil ein BMW-Fahrer die Spur verl\u00e4sst. Der Mann f\u00e4hrt weiter, wird aber sp\u00e4ter ermittelt. Au\u00dferdem erfassen die Beamten bei einer Kontrollaktion k\u00fcrzlich <a href=\"https:\/\/www.augsburger-allgemeine.de\/augsburg\/augsburg-kontrollen-auf-der-a8-polizei-zieht-raser-aus-dem-verkehr-110682341\" target=\"_self\" class=\"underline \" rel=\"nofollow noopener\">mehr als 2500 Raser-F\u00e4lle auf der A8<\/a>. F\u00fcr mehr als 60 Fahrer sind die Konsequenzen erheblich.\n  <\/p>\n<ul data-module-id=\"DragDropModule\" class=\"flex flex-wrap justify-start group-[.no-bookmarks]:hidden\">\n<li class=\"mb-3 mr-3\">\n    Manuela M\u00fcller<\/p>\n<p>      Icon Haken im Kreis gesetzt<\/p>\n<p>      Icon Plus im Kreis<\/p>\n<\/li>\n<li class=\"mb-3 mr-3\">\n    M\u00fcnchen<\/p>\n<p>      Icon Haken im Kreis gesetzt<\/p>\n<p>      Icon Plus im Kreis<\/p>\n<\/li>\n<li class=\"mb-3 mr-3\">\n    Auto<\/p>\n<p>      Icon Haken im Kreis gesetzt<\/p>\n<p>      Icon Plus im Kreis<\/p>\n<\/li>\n<\/ul>\n","protected":false},"excerpt":{"rendered":"Autofahrer, die am Donnerstagmorgen in Richtung M\u00fcnchen unterwegs sind, ben\u00f6tigen etwas mehr Zeit. Besonders, wenn sie auf der&hellip;\n","protected":false},"author":2,"featured_media":395494,"comment_status":"","ping_status":"","sticky":false,"template":"","format":"standard","meta":{"footnotes":""},"categories":[1827],"tags":[772,29,30,1268],"class_list":{"0":"post-395493","1":"post","2":"type-post","3":"status-publish","4":"format-standard","5":"has-post-thumbnail","7":"category-muenchen","8":"tag-bayern","9":"tag-deutschland","10":"tag-germany","11":"tag-muenchen"},"share_on_mastodon":{"url":"https:\/\/pubeurope.com\/@de\/115144513649246334","error":""},"_links":{"self":[{"href":"https:\/\/www.europesays.com\/de\/wp-json\/wp\/v2\/posts\/395493","targetHints":{"allow":["GET"]}}],"collection":[{"href":"https:\/\/www.europesays.com\/de\/wp-json\/wp\/v2\/posts"}],"about":[{"href":"https:\/\/www.europesays.com\/de\/wp-json\/wp\/v2\/types\/post"}],"author":[{"embeddable":true,"href":"https:\/\/www.europesays.com\/de\/wp-json\/wp\/v2\/users\/2"}],"replies":[{"embeddable":true,"href":"https:\/\/www.europesays.com\/de\/wp-json\/wp\/v2\/comments?post=395493"}],"version-history":[{"count":0,"href":"https:\/\/www.europesays.com\/de\/wp-json\/wp\/v2\/posts\/395493\/revisions"}],"wp:featuredmedia":[{"embeddable":true,"href":"https:\/\/www.europesays.com\/de\/wp-json\/wp\/v2\/media\/395494"}],"wp:attachment":[{"href":"https:\/\/www.europesays.com\/de\/wp-json\/wp\/v2\/media?parent=395493"}],"wp:term":[{"taxonomy":"category","embeddable":true,"href":"https:\/\/www.europesays.com\/de\/wp-json\/wp\/v2\/categories?post=395493"},{"taxonomy":"post_tag","embeddable":true,"href":"https:\/\/www.europesays.com\/de\/wp-json\/wp\/v2\/tags?post=395493"}],"curies":[{"name":"wp","href":"https:\/\/api.w.org\/{rel}","templated":true}]}}