{"id":395498,"date":"2025-09-04T06:05:15","date_gmt":"2025-09-04T06:05:15","guid":{"rendered":"https:\/\/www.europesays.com\/de\/395498\/"},"modified":"2025-09-04T06:05:15","modified_gmt":"2025-09-04T06:05:15","slug":"mehrere-baustellen-in-hamburg-werden-zum-ferienende-abgeschlossen","status":"publish","type":"post","link":"https:\/\/www.europesays.com\/de\/395498\/","title":{"rendered":"Mehrere Baustellen in Hamburg werden zum Ferienende abgeschlossen"},"content":{"rendered":"<p>        <img decoding=\"async\" src=\"https:\/\/www.europesays.com\/de\/wp-content\/uploads\/2025\/09\/verkehr780.webp\" alt=\"Warnleuchten auf einer Stra\u00dfe.\" title=\"Warnleuchten auf einer Stra\u00dfe. | fotolia.com, Rainer Fuhrmann\" class=\"responsive\"\/><\/p>\n<p>AUDIO: Schulbeginn: Baustellen in Hamburg fertig (1 Min)<\/p>\n<p>\n            Stand: 04.09.2025 07:21 Uhr<\/p>\n<p class=\"preface\">In Hamburg sind die Sommerferien zu Ende &#8211; und damit auch einige Sommerbaustellen. Nach Informationen von NDR 90,3 wird eine gro\u00dfe Bauma\u00dfnahme sogar eine Woche fr\u00fcher fertig als geplant. <\/p>\n<p class=\"\">\n&#8222;Stau vor der Baustelle Cuxhavener Stra\u00dfe B73 in Harburg&#8220; &#8211; das war ein Dauerbrenner im Verkehrsservice des Radiosenders. Ab Sonntag soll das vorbei sein. Die Asphaltierungsarbeiten zwischen der Autobahn-Anschlusstelle Hamburg-Heimfeld und der Mariahilf Klinik werden eine Woche fr\u00fcher fertig als gedacht. Der Landesbetrieb Stra\u00dfen, Br\u00fccken und Gew\u00e4sser erkl\u00e4rte, das trockene Augustwetter und eine gute Baufirma h\u00e4tten das erm\u00f6glicht.<\/p>\n<p>    Willy-Brandt-Stra\u00dfe: Entlastung in Sicht<\/p>\n<p class=\"\">\nDie schlimmsten Staus der vergangenen Tage gab es <a href=\"https:\/\/www.ndr.de\/nachrichten\/hamburg\/willy-brandt-strasse-in-hamburg-fahrbahnsanierung-geht-weiter,willybrandtstrasse-100.html\" title=\"Willy-Brandt-Stra\u00dfe in Hamburg: Fahrbahnsanierung geht weiter\" target=\"_blank\" rel=\"noopener\">an der Willy-Brandt-Stra\u00dfe in der Hamburger Innenstadt<\/a>, wo der Verkehr zum Teil nur auf einer Spur voran kommt. P\u00fcnktlich ab kommendem Dienstag ist die Sommerbaustelle erstmal durch, dann sind zwei Spuren Richtung Westen nach St. Pauli frei, und Richtung Osten zum Deichtorplatz sind es drei.<\/p>\n<p>        <img decoding=\"async\" src=\"https:\/\/www.europesays.com\/de\/wp-content\/uploads\/2025\/08\/1755468146_284_stau233.webp\" alt=\"Stau vor dem Elbtunnel in Hamburg\" title=\"Stau vor dem Elbtunnel in Hamburg | picture alliance \/ dpa, Bodo Marks\" class=\"responsive\" loading=\"lazy\"\/><\/p>\n<p>Staus, Baustellen, Gefahrenhinweise und Behinderungen auf den Stra\u00dfen &#8211; die aktuelle Verkehrslage in und um Hamburg.<\/p>\n<p class=\"\">\nIm Zeitplan ist auch die Instandsetzung der Wandsbeker Marktstra\u00dfe, dort stehen nur noch Nebenarbeiten an. Und auf der Kreuzung Rolfinckstra\u00dfe\/Saseler Chaussee soll der Verkehr ab Montag wieder fl\u00fcssig laufen. Immerhin vier gr\u00f6\u00dfere Baustellen in Hamburg werden damit p\u00fcnktlich fertig.<\/p>\n<p>        <img decoding=\"async\" src=\"https:\/\/www.europesays.com\/de\/wp-content\/uploads\/2025\/08\/norderelbbruecke128.webp\" alt=\"Autos und Lastwagen fahren \u00fcber die Norderelbbr\u00fccke in Hamburg. (Archivfoto)\" title=\"Autos und Lastwagen fahren \u00fcber die Norderelbbr\u00fccke in Hamburg. (Archivfoto) | picture alliance \/ dpa, Markus Scholz\" class=\"responsive\" loading=\"lazy\"\/><\/p>\n<p>Die Bauarbeiten an der Norderelbbr\u00fccke sind am Dienstag fortgesetzt worden &#8211; f\u00fcr zweieinhalb Wochen f\u00e4llt eine Fahrspur weg. Au\u00dferdem ist sp\u00e4ter eine Vollsperrung geplant. <\/p>\n<p>        <img decoding=\"async\" src=\"https:\/\/www.europesays.com\/de\/wp-content\/uploads\/2025\/09\/willybrandtstrasse124.webp\" alt=\"Eine Baustelle aus fer Willy-Brand-Stra\u00dfe in Hamburg.\" title=\"Eine Baustelle aus fer Willy-Brand-Stra\u00dfe in Hamburg. | NDR, Screenshot\" class=\"responsive\" loading=\"lazy\"\/><\/p>\n<p>Ab sofort wird auf der wichtigen Verkehrsachse in der Hamburger Innenstadt wieder gebaut. Autofahrer m\u00fcssen sich bis zum Fr\u00fchjahr 2026 auf Staus einstellen.<\/p>\n<p>Dieses Thema im Programm:<\/p>\n<p>                NDR 90,3 | NDR 90,3 Aktuell | 04.09.2025 | 07:00 Uhr<\/p>\n","protected":false},"excerpt":{"rendered":"AUDIO: Schulbeginn: Baustellen in Hamburg fertig (1 Min) Stand: 04.09.2025 07:21 Uhr In Hamburg sind die Sommerferien zu&hellip;\n","protected":false},"author":2,"featured_media":395499,"comment_status":"","ping_status":"","sticky":false,"template":"","format":"standard","meta":{"footnotes":""},"categories":[1826],"tags":[3985,17655,29,4532,30,692,5263,7387,634,601,26384],"class_list":{"0":"post-395498","1":"post","2":"type-post","3":"status-publish","4":"format-standard","5":"has-post-thumbnail","7":"category-hamburg","8":"tag-autos","9":"tag-baustellen","10":"tag-deutschland","11":"tag-ferien","12":"tag-germany","13":"tag-hamburg","14":"tag-heimfeld","15":"tag-strassenbau","16":"tag-strassenverkehr","17":"tag-verkehr","18":"tag-willy-brandt-strasse"},"share_on_mastodon":{"url":"https:\/\/pubeurope.com\/@de\/115144525628135684","error":""},"_links":{"self":[{"href":"https:\/\/www.europesays.com\/de\/wp-json\/wp\/v2\/posts\/395498","targetHints":{"allow":["GET"]}}],"collection":[{"href":"https:\/\/www.europesays.com\/de\/wp-json\/wp\/v2\/posts"}],"about":[{"href":"https:\/\/www.europesays.com\/de\/wp-json\/wp\/v2\/types\/post"}],"author":[{"embeddable":true,"href":"https:\/\/www.europesays.com\/de\/wp-json\/wp\/v2\/users\/2"}],"replies":[{"embeddable":true,"href":"https:\/\/www.europesays.com\/de\/wp-json\/wp\/v2\/comments?post=395498"}],"version-history":[{"count":0,"href":"https:\/\/www.europesays.com\/de\/wp-json\/wp\/v2\/posts\/395498\/revisions"}],"wp:featuredmedia":[{"embeddable":true,"href":"https:\/\/www.europesays.com\/de\/wp-json\/wp\/v2\/media\/395499"}],"wp:attachment":[{"href":"https:\/\/www.europesays.com\/de\/wp-json\/wp\/v2\/media?parent=395498"}],"wp:term":[{"taxonomy":"category","embeddable":true,"href":"https:\/\/www.europesays.com\/de\/wp-json\/wp\/v2\/categories?post=395498"},{"taxonomy":"post_tag","embeddable":true,"href":"https:\/\/www.europesays.com\/de\/wp-json\/wp\/v2\/tags?post=395498"}],"curies":[{"name":"wp","href":"https:\/\/api.w.org\/{rel}","templated":true}]}}