{"id":395602,"date":"2025-09-04T07:07:20","date_gmt":"2025-09-04T07:07:20","guid":{"rendered":"https:\/\/www.europesays.com\/de\/395602\/"},"modified":"2025-09-04T07:07:20","modified_gmt":"2025-09-04T07:07:20","slug":"hannover-96-testet-am-donnerstag-gegen-den-hsv","status":"publish","type":"post","link":"https:\/\/www.europesays.com\/de\/395602\/","title":{"rendered":"Hannover 96 testet am Donnerstag gegen den HSV"},"content":{"rendered":"<p>   Hannover 96 testet am Donnerstag gegen den HSV &#8211; FuPa                                               <\/p>\n<p>FuPa ben\u00f6tigt JavaScript, um richtig zu funktionieren.<\/p>\n<p> Browser nicht unterst\u00fctzt <\/p>\n<p>  Du verwendest einen veralteten Browser, wodurch die Funktionalit\u00e4t von FuPa eingeschr\u00e4nkt ist und es zu unerwarteten Fehlern kommen kann. Damit du FuPa vollumf\u00e4nglich nutzen kannst und wir dir eine bessere Nutzungserfahrung und mehr Sicherheit auf unserer Anwendung bieten k\u00f6nnen, nutze bitte einen aktuellen Browser.      <img loading=\"lazy\" decoding=\"async\" src=\"https:\/\/www.europesays.com\/de\/wp-content\/uploads\/2025\/09\/vgzm.2780411-3126929.gif\" height=\"1\" width=\"1\" class=\"sc-1wcyr0h-16 hojaCI\"\/>Du wirst automatisch weitergeleitet&#8230;<img fetchpriority=\"high\" decoding=\"async\" loading=\"eager\" src=\"https:\/\/www.europesays.com\/de\/wp-content\/uploads\/2025\/09\/1756969640_928_960x640.jpeg\" alt=\"\" title=\"\" width=\"960\" height=\"640\" class=\"sc-wadapo-3 klmthQ mui-style-2vfs2l\"\/> \u2013 Foto: Sport News S\u00fcdwestFreundschaftsspiel in der L\u00e4nderspielpause: Titz gibt allen Akteuren Spielpraxis<\/p>\n<p data-start=\"201\" data-end=\"470\">W\u00e4hrend in der 2. Bundesliga die L\u00e4nderspielpause l\u00e4uft, nutzt Hannover 96 die Gelegenheit f\u00fcr einen hochkar\u00e4tigen Test: Am Donnerstag, 4. September, trifft die Mannschaft von Christian Titz auf Bundesliga-Aufsteiger Hamburger SV. Anpfiff ist um 13 Uhr.<\/p>\n<p data-start=\"513\" data-end=\"801\">Wie Titz im Vorfeld erkl\u00e4rte, soll das Testspiel vor allem dazu dienen, allen Spielern Einsatzzeit zu erm\u00f6glichen. \u201eDie Jungs, die zuletzt weniger gespielt haben, bekommen eine l\u00e4ngere Spielzeit. F\u00fcnf, sechs Spieler werden auch die komplette Spielzeit bekommen\u201c, so der Cheftrainer.<\/p>\n<p data-start=\"803\" data-end=\"992\">Auch Talente aus der U23 sollen zum Einsatz kommen \u2013 besonders hervorgehoben wurde Noah Engelbreth, der sich zuletzt in der Regionalliga Nord mit starken Leistungen empfohlen hat.<\/p>\n<p>  Ausf\u00e4lle bei 96 <\/p>\n<p data-start=\"1016\" data-end=\"1267\">Verzichten muss Titz auf insgesamt neun Spieler: Neben den sechs abgereisten Nationalspielern werden auch Boris Tomiak, Ime Okon und Hayate Matsuda geschont. Alle drei laborieren an leichten Blessuren und sollen kein Risiko eingehen.<\/p>\n<p>  Gegner mit durchwachsenem Start <\/p>\n<p data-start=\"1307\" data-end=\"1575\">Der Hamburger SV reist als Aufsteiger aus der Bundesliga an und will die Pause ebenfalls zur Feinjustierung nutzen. Nach einem Unentschieden und einer Niederlage zum Ligaauftakt d\u00fcrften auch bei den Hanseaten einige Akteure aus der zweiten Reihe Spielpraxis sammeln.<\/p>\n<p>Aufrufe: 04.9.2025, 08:14 Uhr<\/p>\n","protected":false},"excerpt":{"rendered":"Hannover 96 testet am Donnerstag gegen den HSV &#8211; FuPa FuPa ben\u00f6tigt JavaScript, um richtig zu funktionieren. Browser&hellip;\n","protected":false},"author":2,"featured_media":395603,"comment_status":"","ping_status":"","sticky":false,"template":"","format":"standard","meta":{"footnotes":""},"categories":[1836],"tags":[621,299,3364,29,30,3150,46,2366,1411],"class_list":{"0":"post-395602","1":"post","2":"type-post","3":"status-publish","4":"format-standard","5":"has-post-thumbnail","7":"category-hannover","8":"tag-2-bundesliga","9":"tag-bundesliga","10":"tag-de","11":"tag-deutschland","12":"tag-germany","13":"tag-hamburger-sv","14":"tag-hannover","15":"tag-hannover-96","16":"tag-niedersachsen"},"share_on_mastodon":{"url":"https:\/\/pubeurope.com\/@de\/115144769117801485","error":""},"_links":{"self":[{"href":"https:\/\/www.europesays.com\/de\/wp-json\/wp\/v2\/posts\/395602","targetHints":{"allow":["GET"]}}],"collection":[{"href":"https:\/\/www.europesays.com\/de\/wp-json\/wp\/v2\/posts"}],"about":[{"href":"https:\/\/www.europesays.com\/de\/wp-json\/wp\/v2\/types\/post"}],"author":[{"embeddable":true,"href":"https:\/\/www.europesays.com\/de\/wp-json\/wp\/v2\/users\/2"}],"replies":[{"embeddable":true,"href":"https:\/\/www.europesays.com\/de\/wp-json\/wp\/v2\/comments?post=395602"}],"version-history":[{"count":0,"href":"https:\/\/www.europesays.com\/de\/wp-json\/wp\/v2\/posts\/395602\/revisions"}],"wp:featuredmedia":[{"embeddable":true,"href":"https:\/\/www.europesays.com\/de\/wp-json\/wp\/v2\/media\/395603"}],"wp:attachment":[{"href":"https:\/\/www.europesays.com\/de\/wp-json\/wp\/v2\/media?parent=395602"}],"wp:term":[{"taxonomy":"category","embeddable":true,"href":"https:\/\/www.europesays.com\/de\/wp-json\/wp\/v2\/categories?post=395602"},{"taxonomy":"post_tag","embeddable":true,"href":"https:\/\/www.europesays.com\/de\/wp-json\/wp\/v2\/tags?post=395602"}],"curies":[{"name":"wp","href":"https:\/\/api.w.org\/{rel}","templated":true}]}}