{"id":395685,"date":"2025-09-04T07:54:11","date_gmt":"2025-09-04T07:54:11","guid":{"rendered":"https:\/\/www.europesays.com\/de\/395685\/"},"modified":"2025-09-04T07:54:11","modified_gmt":"2025-09-04T07:54:11","slug":"sommerfest-der-vereine-in-hohenfichte","status":"publish","type":"post","link":"https:\/\/www.europesays.com\/de\/395685\/","title":{"rendered":"Sommerfest der Vereine in Hohenfichte"},"content":{"rendered":"<p>\t\t\tSportplatz wird Festplatz: Sommerfest der Vereine in Hohenfichte<br \/>\n\t\t\t\t\t\t\t\t\t\t\t\t<b>Event<\/b> Hohenfichte l\u00e4dt zum Sommerfest mit Forellen, Orgelkl\u00e4ngen und Feuerwehr<\/p>\n<p>Von Knut Berger<\/p>\n<p>\t\t\t\t04.09.2025, 09:05 Uhr<\/p>\n<p>\t\t\t\t<a id=\"whatsapp_channel_link\" href=\"https:\/\/whatsapp.com\/channel\/0029Va6RBvnLY6dCNLfeAA0c\" data-ct=\"SHARE\/WHATSAPPKANAL\" rel=\"nofollow noopener\" target=\"_blank\"><br \/>\n\t\t\t\t\t<img decoding=\"async\" alt=\"Zum Blick WhatsApp Kanal\" src=\"https:\/\/www.blick.de\/img\/WhatsApp-Kanal.svg\"\/><br \/>\n\t\t\t\t<\/a><\/p>\n<ul class=\"gallery-items\">\n<li class=\"img gallery-item\">\n<p>\t\t\t\t\t\t\t\t\t\t\t\t\t\t\t\t\t\t\t\t\t\t\t\t\t\t\t\t\t\t\t\t\t\t\t\t\t\t\t\t\t\t\t\t\t\t<img decoding=\"async\" class=\"media-image \" loading=\"eager\" src=\"https:\/\/www.europesays.com\/de\/wp-content\/uploads\/2025\/09\/17183748_W400C740x499o0x0.jpg\" alt=\"Sportplatz wird Festplatz: Sommerfest der Vereine in Hohenfichte - Unter anderem beim Sommerfest dabei: Die Freiwillige Feuerwehr Hohenfichte.\"   style=\"&#10;&#9;&#9;&#9;aspect-ratio:740\/499;&#10;&#9;&#9;&#9;background: url(data:image\/jpg;base64,\/9j\/4AAQSkZJRgABAQEASABIAAD\/2wBDAAUDBAQEAwUEBAQFBQUGBwwIBwcHBw8LCwkMEQ8SEhEPERETFhwXExQaFRERGCEYGh0dHx8fExciJCIeJBweHx7\/2wBDAQUFBQcGBw4ICA4eFBEUHh4eHh4eHh4eHh4eHh4eHh4eHh4eHh4eHh4eHh4eHh4eHh4eHh4eHh4eHh4eHh4eHh7\/wAARCAAHAAoDASIAAhEBAxEB\/8QAFgABAQEAAAAAAAAAAAAAAAAAAAMF\/8QAIRAAAwABAwQDAAAAAAAAAAAAAQIDBQAEBhESITEiI3H\/xAAVAQEBAAAAAAAAAAAAAAAAAAAAA\/\/EABsRAAICAwEAAAAAAAAAAAAAAAIDAAEEERJB\/9oADAMBAAIRAxEAPwDBzPKDHmYrizlqZO0mDQnvFnCf1FUVlK\/MeSzDuPkKQT6FdtneXS285HC8fYogUmi1LHoPZIqAT+DTTRaB5lWZBnqr8n\/\/2Q==) no-repeat left top; background-size: cover;&#9;&#9;&#9;height: 100%;&#9;&#9;\"\/><\/p>\n<p>\n\t\t\t\t\t\t\t\t\tUnter anderem beim Sommerfest dabei: Die Freiwillige Feuerwehr Hohenfichte. Foto: Knut Berger\n\t\t\t\t\t\t\t\t<\/p>\n<\/li>\n<\/ul>\n<p>\t\t\t\t\t\t\t\t\t\t\t\t\t\t\t\t\t\t\t\t\t\t\t\t\t\t\t\t\t\t<b class=\"ortsmarke\">Hohenfichte.<\/b>\u00a0<\/p>\n<p>Auf dem Sportplatz von <a href=\"https:\/\/www.blick.de\/thema\/ort\/hohenfichte\" title=\"Hohenfichte\" class=\"internal-article-link\" data-ct=\"ENTITY\/LOCATION\/HOHENFICHTE\" rel=\"nofollow noopener\" target=\"_blank\">Hohenfichte<\/a> rollt am 6. September zwar kein Fu\u00dfball in einem Punktspiel. Dennoch wird die Rasenfl\u00e4che stark beansprucht. Der Ortschaftsrat des Leubsdorfer Ortsteils l\u00e4dt ab 14 Uhr zum Sommerfest der Vereine ein.<\/p>\n<p>\t\t\t\t\t\t\t\t\t\t\t\t\t\t\t\t\t\tVereine pr\u00e4sentieren sich und ihre Arbeit<\/p>\n<p>\u201eWir wollen nicht nur gemeinsam feiern. Vielmehr sollen die Vereine aus unserem Ort die M\u00f6glichkeit erhalten, sich und ihre Arbeit zu pr\u00e4sentieren\u201c, sagt Claudia Mann vom Ortschaftsrat. Unter anderem werden der Sportverein, die <a href=\"https:\/\/www.blick.de\/thema\/organisation\/feuerwehr\" title=\"Feuerwehr\" class=\"internal-article-link\" data-ct=\"ENTITY\/ORGANISATION\/FEUERWEHR\" rel=\"nofollow noopener\" target=\"_blank\">Feuerwehr<\/a>, die Sch\u00fctzen und der erst im vergangenen Jahr gegr\u00fcndete Heimatverein dabei sein.<\/p>\n<p>\t\t\t\t\t\t\t\t\t\t\t\t\t\t\t\t\t\tForellen, Ponyreiten und Schie\u00dfwettbewerbe<\/p>\n<p>\u201eDie Angler pr\u00e4sentieren zum Beispiel ihre Forellenr\u00e4ucherei, es finden Tauziehen, Armbrustschie\u00dfen, Ponyreiten und vieles mehr statt\u201c, erkl\u00e4rt Claudia Mann. Die Vorbereitungen auf das Fest, das in diesem Jahr seine zweite Auflage erlebt, hatten bereits im Januar begonnen.<\/p>\n<p>\t\t\t\t\t\t\t\t\t\t\t\t\t\t\t\t\t\tBesuch aus der tschechischen Partnergemeinde<\/p>\n<p>Zudem haben die Gastgeber eine Delegation aus der tschechischen Partnergemeinde eingeladen. \u201eDie G\u00e4ste aus Tschechien erwarten wir gegen 11.00 Uhr. F\u00fcr sie haben wir nach der offiziellen Begr\u00fc\u00dfung einen Mittagsimbiss vorbereitet\u201c, sagt Ortsvorsteherin Gabriele Uhlig.<\/p>\n<p>\t\t\t\t\t\t\t\t\t\t\t\t\t\t\t\t\t\tKonzert und Kirchenf\u00fchrung als Rahmenprogramm<\/p>\n<p>Danach besuchen die G\u00e4ste gemeinsam die Kirche in Hohenfichte, wo ein kurzes Orgelkonzert stattfindet und sie einiges \u00fcber die Kirchengeschichte erfahren.<\/p>\n","protected":false},"excerpt":{"rendered":"Sportplatz wird Festplatz: Sommerfest der Vereine in Hohenfichte Event Hohenfichte l\u00e4dt zum Sommerfest mit Forellen, Orgelkl\u00e4ngen und Feuerwehr&hellip;\n","protected":false},"author":2,"featured_media":395686,"comment_status":"","ping_status":"","sticky":false,"template":"","format":"standard","meta":{"footnotes":""},"categories":[1851],"tags":[2770,3364,29,548,663,3934,30,13,14,15,859,12],"class_list":{"0":"post-395685","1":"post","2":"type-post","3":"status-publish","4":"format-standard","5":"has-post-thumbnail","7":"category-chemnitz","8":"tag-chemnitz","9":"tag-de","10":"tag-deutschland","11":"tag-eu","12":"tag-europa","13":"tag-europe","14":"tag-germany","15":"tag-headlines","16":"tag-nachrichten","17":"tag-news","18":"tag-sachsen","19":"tag-schlagzeilen"},"share_on_mastodon":{"url":"https:\/\/pubeurope.com\/@de\/115144954515849999","error":""},"_links":{"self":[{"href":"https:\/\/www.europesays.com\/de\/wp-json\/wp\/v2\/posts\/395685","targetHints":{"allow":["GET"]}}],"collection":[{"href":"https:\/\/www.europesays.com\/de\/wp-json\/wp\/v2\/posts"}],"about":[{"href":"https:\/\/www.europesays.com\/de\/wp-json\/wp\/v2\/types\/post"}],"author":[{"embeddable":true,"href":"https:\/\/www.europesays.com\/de\/wp-json\/wp\/v2\/users\/2"}],"replies":[{"embeddable":true,"href":"https:\/\/www.europesays.com\/de\/wp-json\/wp\/v2\/comments?post=395685"}],"version-history":[{"count":0,"href":"https:\/\/www.europesays.com\/de\/wp-json\/wp\/v2\/posts\/395685\/revisions"}],"wp:featuredmedia":[{"embeddable":true,"href":"https:\/\/www.europesays.com\/de\/wp-json\/wp\/v2\/media\/395686"}],"wp:attachment":[{"href":"https:\/\/www.europesays.com\/de\/wp-json\/wp\/v2\/media?parent=395685"}],"wp:term":[{"taxonomy":"category","embeddable":true,"href":"https:\/\/www.europesays.com\/de\/wp-json\/wp\/v2\/categories?post=395685"},{"taxonomy":"post_tag","embeddable":true,"href":"https:\/\/www.europesays.com\/de\/wp-json\/wp\/v2\/tags?post=395685"}],"curies":[{"name":"wp","href":"https:\/\/api.w.org\/{rel}","templated":true}]}}