{"id":395690,"date":"2025-09-04T07:58:16","date_gmt":"2025-09-04T07:58:16","guid":{"rendered":"https:\/\/www.europesays.com\/de\/395690\/"},"modified":"2025-09-04T07:58:16","modified_gmt":"2025-09-04T07:58:16","slug":"osteopathie-ganzheitliche-hilfe-bei-kopfschmerzen-verband-der-osteopathen","status":"publish","type":"post","link":"https:\/\/www.europesays.com\/de\/395690\/","title":{"rendered":"Osteopathie: Ganzheitliche Hilfe bei Kopfschmerzen \/ Verband der Osteopathen &#8230;"},"content":{"rendered":"<p class=\"date\">04.09.2025 \u2013 09:30<\/p>\n<p class=\"customer\">\n                        <a class=\"story-customer\" title=\"weiter zum newsroom von Verband der Osteopathen Deutschland e.V.\" href=\"https:\/\/www.presseportal.de\/nr\/79623\" target=\"_blank\" rel=\"noopener\">Verband der Osteopathen Deutschland e.V.<\/a>\n                    <\/p>\n<p><a class=\"glightbox event-trigger\" href=\"https:\/\/cache.pressmailing.net\/thumbnail\/story_hires\/b3b76d52-5a60-4d7a-9665-8ceaa80bb55c\/PM%20Kopfschmerztag2025.jpeg.jpg\" data-description=\"W\u00e4hrend Medikamente oftmals lediglich die Symptome eind\u00e4mmen, setzt die Osteopathie an den Ursachen der Kopfschmerzen an. Dazu geh\u00f6ren nicht nur verspannte Nacken- und Schultermuskulatur, sondern auch Kiefergelenksprobleme, Fehlstellungen der Wirbels\u00e4ule oder Blockaden im Becken, die auf den gesamten K\u00f6rper wirken k\u00f6nnen. \/ Weiterer Text \u00fcber ots und www.presseportal.de\/nr\/79623 \/ Die Verwendung dieses Bildes f\u00fcr redaktionelle Zwecke ist unter Beachtung aller mitgeteilten Nutzungsbedingungen zul\u00e4ssig und dann auch honorarfrei. Ver\u00f6ffentlichung ausschlie\u00dflich mit Bildrechte-Hinweis.\" data-category=\"medialightbox\" data-action=\"click\" data-label=\"single\" data-value=\"68b80d88270000fd2c5d718b\" target=\"_blank\" rel=\"noopener\"><img decoding=\"async\" height=\"540\" with=\"720\" src=\"https:\/\/www.europesays.com\/de\/wp-content\/uploads\/2025\/09\/osteopathie-ganzheitliche-hilfe-bei-kopfschmerzen-verband-der-osteopathen-deutschland-vod-e-v-zum-we.jpeg\"   alt=\"Osteopathie: Ganzheitliche Hilfe bei Kopfschmerzen \/ Verband der Osteopathen Deutschland (VOD) e.V. zum Weltkopfschmerztag 2025\" class=\"single\"\/><\/a><\/p>\n<p><a data-category=\"citylink-story-view\" data-action=\"click\" data-label=\"Citylink in Meldungsansicht\" class=\"story-city event-trigger\" href=\"https:\/\/www.presseportal.de\/regional\/Wiesbaden\" title=\"News aus Wiesbaden \" target=\"_blank\" rel=\"noopener\">Wiesbaden<\/a> (ots)<\/p>\n<p> Ob dumpfes Ziehen an den Schl\u00e4fen, dr\u00fcckender Schmerz im Nacken oder eine Migr\u00e4neattacke, die den Alltag lahmlegt: Kopfschmerzen geh\u00f6ren zu den h\u00e4ufigsten Gesundheitsproblemen weltweit. Mehr als zwei Drittel aller Menschen leiden mindestens einmal in ihrem Leben darunter, Millionen Fehltage entstehen j\u00e4hrlich allein in Deutschland. Doch h\u00e4ufig werden nur die Symptome behandelt, w\u00e4hrend die Ursachen im Verborgenen bleiben. <\/p>\n<p> Anl\u00e4sslich des Weltkopfschmerztages am 5. September weist der Verband der Osteopathen Deutschland (VOD) e.V. auf die wirksamen und nebenwirkungsarmen M\u00f6glichkeiten der Osteopathie hin. &#8222;Wichtig ist f\u00fcr uns immer, die Ursachen genau zu differenzieren &#8211; vom Schmerzbeginn \u00fcber die Dauer bis hin zu m\u00f6glichen Begleitsymptomen. Erst nach einer ausf\u00fchrlichen Anamnese und auf dieser Grundlage entscheiden wir, ob eine osteopathische Behandlung sinnvoll ist oder ob eine zus\u00e4tzliche \u00e4rztliche Abkl\u00e4rung erfolgen muss&#8220;, erkl\u00e4rt VOD-Vorsitzende Prof. Marina Fuhrmann. <\/p>\n<p><b>Ursachen ganzheitlich erkennen<\/b><\/p>\n<p> W\u00e4hrend Medikamente oftmals lediglich die Symptome eind\u00e4mmen, setzt die Osteopathie an den Ursachen an. Dazu geh\u00f6ren nicht nur verspannte Nacken- und Schultermuskulatur, sondern auch Kiefergelenksprobleme, Fehlstellungen der Wirbels\u00e4ule oder Blockaden im Becken, die auf den gesamten K\u00f6rper wirken k\u00f6nnen. Mit einer gr\u00fcndlichen Anamnese und manuellen Untersuchung ertasten und sp\u00fcren Osteopathinnen und Osteopathen Funktionsst\u00f6rungen und bringen den K\u00f6rper durch osteopathische Techniken wieder ins Gleichgewicht. <\/p>\n<p> Dabei werden nicht nur Sch\u00e4del und Halswirbels\u00e4ule untersucht, sondern der gesamte K\u00f6rper &#8211; von Muskel und Skelettsystem bis hin zu den inneren Organen. &#8222;Oft liegt die Ursache nicht am Ort des Schmerzes. Ein Beckenschiefstand oder alte Verletzungen k\u00f6nnen beispielhaft langfristig zu Kopfschmerzen f\u00fchren&#8220;, so Prof. Fuhrmann. <\/p>\n<p><b>F\u00fcr mehr Lebensqualit\u00e4t &#8211; ohne Medikamente<\/b><\/p>\n<p> Osteopathie kann Kopfschmerzen lindern oder im besten Fall dauerhaft reduzieren, indem Verspannungen gel\u00f6st, Fehlstellungen korrigiert und die Durchblutung sowie Nervenversorgung verbessert werden. Die Behandlung eignet sich auch f\u00fcr Kinder, Jugendliche und Schwangere. Erg\u00e4nzend geben Osteopathinnen und Osteopathen ihren Patienten Tipps zu Ern\u00e4hrung, Bewegung und Entspannung, damit diese selbst zur Besserung beitragen k\u00f6nnen. <\/p>\n<p><b>Unterschiedliche Formen des Kopfschmerzes<\/b><\/p>\n<p> Die Medizin unterscheidet zwischen prim\u00e4ren und sekund\u00e4ren Kopfschmerzen. Zu den h\u00e4ufigsten prim\u00e4ren Formen z\u00e4hlen Spannungskopfschmerzen und Migr\u00e4ne, die zusammen etwa 90 Prozent aller Kopfschmerzen ausmachen. Seltenere Formen sind Cluster-Kopfschmerzen oder Gesichtsschmerzen. Die Ursachen sind vielf\u00e4ltig &#8211; von Stress und psychischer Belastung \u00fcber Muskelverspannungen bis hin zu Fehlhaltungen. <\/p>\n<p><b>Gut zu wissen:<\/b><\/p>\n<p> Osteopathie ist eine eigenst\u00e4ndige, ganzheitliche Form der Medizin, in der Diagnostik und Behandlung mit den H\u00e4nden erfolgen. Osteopathie geht dabei den Ursachen von Beschwerden auf den Grund und behandelt den Menschen in seiner Gesamtheit. Osteopathie ist bei vielen Krankheiten sinnvoll und behandelt vorbeugend. <\/p>\n<p><b>Hintergrund:<\/b><\/p>\n<p> Als erster und mit bundesweit mehr als 6.800 Mitgliedern gr\u00f6\u00dfter Berufsverband setzt sich der VOD f\u00fcr Patientensicherheit und Verbraucherschutz ein. Der VOD e.V. fordert hierf\u00fcr eine berufsgesetzliche Regelung und die Schaffung des eigenst\u00e4ndigen Berufs des Osteopathen auf qualitativ h\u00f6chstem Niveau. Er kl\u00e4rt \u00fcber die Osteopathie auf, informiert sachlich und neutral, f\u00f6rdert Forschungsprojekte und betreibt Qualit\u00e4tssicherung im Interesse der Patienten. Dar\u00fcber hinaus vermittelt der VOD hoch qualifizierte Osteopathen. \u00dcber 2,8 Millionen Besucher informieren sich jedes Jahr auf  <a target=\"_blank\" class=\"uri-ext outbound\" rel=\"noopener\" href=\"http:\/\/osteopathie.de\">osteopathie.de<\/a>. Fast 100 gesetzliche Krankenkassen bezuschussen Osteopathie. <\/p>\n<p><b>Weitere Informationen:<\/b><\/p>\n<p> Verband der Osteopathen Deutschland e.V. <\/p>\n<p> Wilhelmstra\u00dfe 42 <\/p>\n<p> 65183 Wiesbaden <\/p>\n<p> Telefon: 0 611 \/ 5808975 &#8211; 0 <\/p>\n<p> <a target=\"_blank\" class=\"uri-ext outbound\" rel=\"noopener\" href=\"https:\/\/www.presseportal.de\/pm\/79623\/mailto:info@osteopathie.de\">info@osteopathie.de<\/a><\/p>\n<p> <a target=\"_blank\" class=\"uri-ext outbound\" rel=\"noopener\" href=\"http:\/\/www.osteopathie.de\/\">www.osteopathie.de<\/a><\/p>\n<p class=\"contact-headline\">Pressekontakt:<\/p>\n<p class=\"contact-text\">Michaela Wehr<br \/>Tel. 0 15 20 \/ 2 14 71 05<br \/><a href=\"https:\/\/www.presseportal.de\/pm\/79623\/mailto: presse@osteopathie.de\" class=\"uri-mailto\" target=\"_blank\" rel=\"noopener\"> presse@osteopathie.de<\/a><\/p>\n<p class=\"originator\">Original-Content von: Verband der Osteopathen Deutschland e.V., \u00fcbermittelt durch news aktuell<\/p>\n","protected":false},"excerpt":{"rendered":"04.09.2025 \u2013 09:30 Verband der Osteopathen Deutschland e.V. Wiesbaden (ots) Ob dumpfes Ziehen an den Schl\u00e4fen, dr\u00fcckender Schmerz&hellip;\n","protected":false},"author":2,"featured_media":395691,"comment_status":"","ping_status":"","sticky":false,"template":"","format":"standard","meta":{"footnotes":""},"categories":[1847],"tags":[3477,3364,29,548,663,3934,30,141,13,2052,14,15,105879,178,180,179,181,12,11908,105878,4544],"class_list":{"0":"post-395690","1":"post","2":"type-post","3":"status-publish","4":"format-standard","5":"has-post-thumbnail","7":"category-wiesbaden","8":"tag-bild","9":"tag-de","10":"tag-deutschland","11":"tag-eu","12":"tag-europa","13":"tag-europe","14":"tag-germany","15":"tag-gesundheit","16":"tag-headlines","17":"tag-hessen","18":"tag-nachrichten","19":"tag-news","20":"tag-osteopathie","21":"tag-presse","22":"tag-pressemeldung","23":"tag-pressemitteilung","24":"tag-pressemitteilungen","25":"tag-schlagzeilen","26":"tag-verbnde","27":"tag-weltkopfschmerztag","28":"tag-wiesbaden"},"share_on_mastodon":{"url":"https:\/\/pubeurope.com\/@de\/115144969763876984","error":""},"_links":{"self":[{"href":"https:\/\/www.europesays.com\/de\/wp-json\/wp\/v2\/posts\/395690","targetHints":{"allow":["GET"]}}],"collection":[{"href":"https:\/\/www.europesays.com\/de\/wp-json\/wp\/v2\/posts"}],"about":[{"href":"https:\/\/www.europesays.com\/de\/wp-json\/wp\/v2\/types\/post"}],"author":[{"embeddable":true,"href":"https:\/\/www.europesays.com\/de\/wp-json\/wp\/v2\/users\/2"}],"replies":[{"embeddable":true,"href":"https:\/\/www.europesays.com\/de\/wp-json\/wp\/v2\/comments?post=395690"}],"version-history":[{"count":0,"href":"https:\/\/www.europesays.com\/de\/wp-json\/wp\/v2\/posts\/395690\/revisions"}],"wp:featuredmedia":[{"embeddable":true,"href":"https:\/\/www.europesays.com\/de\/wp-json\/wp\/v2\/media\/395691"}],"wp:attachment":[{"href":"https:\/\/www.europesays.com\/de\/wp-json\/wp\/v2\/media?parent=395690"}],"wp:term":[{"taxonomy":"category","embeddable":true,"href":"https:\/\/www.europesays.com\/de\/wp-json\/wp\/v2\/categories?post=395690"},{"taxonomy":"post_tag","embeddable":true,"href":"https:\/\/www.europesays.com\/de\/wp-json\/wp\/v2\/tags?post=395690"}],"curies":[{"name":"wp","href":"https:\/\/api.w.org\/{rel}","templated":true}]}}