{"id":395763,"date":"2025-09-04T08:40:10","date_gmt":"2025-09-04T08:40:10","guid":{"rendered":"https:\/\/www.europesays.com\/de\/395763\/"},"modified":"2025-09-04T08:40:10","modified_gmt":"2025-09-04T08:40:10","slug":"schrecklich-schoen-vernissage-im-freibad-flingern","status":"publish","type":"post","link":"https:\/\/www.europesays.com\/de\/395763\/","title":{"rendered":"\u201eSchrecklich Sch\u00f6n\u201c: Vernissage im Freibad Flingern\u00a0"},"content":{"rendered":"<p class=\"text_ohne_einzug richtext text-em-55 !leading-serif mx-6 desktop:mx-0\"> Palagonisch, nie geh\u00f6rt? \u201eMuss man auch nicht wissen\u201c, sagt Michael Kortl\u00e4nder lachend und kl\u00e4rt auf: \u201ePalagonisch ist eine Wortneusch\u00f6pfung von Johann Wolfgang von Goethe.\u201c Als der Dichterf\u00fcrst w\u00e4hrend seiner italienischen Reise 1787 die teils grotesken und monstr\u00f6sen Figuren der Villa Palagonia in Bagheria bei <a href=\"https:\/\/rp-online.de\/thema\/palermo\/\" rel=\"nofollow noopener\" target=\"_blank\">Palermo<\/a> erblickte, war er hin und her gerissen zwischen Sch\u00f6nheit und Schrecken. Bei der Ausstellung, die am Freitag, 5. September, um 19 Uhr im D\u00fcsseldorfer Projektraum \u201eFreibad\u201c (Worringer Platz 8) er\u00f6ffnet wird, soll es genauso sein. Also nannte Kurator Kortl\u00e4nder die neue \u201eD\u00fcsseldorf \u2013 Palermo\u201c-Ausstellung kurzentschlossen \u201eSchrecklich Sch\u00f6n\u201c. Bis zum 18. September pr\u00e4sentieren die drei D\u00fcsseldorfer K\u00fcnstlerinnen und K\u00fcnstler Norika Nienstedt, Michael Jonas und Stefan \u00e0 Wengen sowie Maria Tindara Azzaro und Toni Lombardo aus Palermo Malerei, Zeichnungen und Skulpturen, die sich mit der Faszination des \u201eSchrecklich-Sch\u00f6nen\u201c auseinandersetzen.<\/p>\n","protected":false},"excerpt":{"rendered":"Palagonisch, nie geh\u00f6rt? \u201eMuss man auch nicht wissen\u201c, sagt Michael Kortl\u00e4nder lachend und kl\u00e4rt auf: \u201ePalagonisch ist eine&hellip;\n","protected":false},"author":2,"featured_media":395764,"comment_status":"","ping_status":"","sticky":false,"template":"","format":"standard","meta":{"footnotes":"","_share_on_mastodon":"0"},"categories":[1831],"tags":[2076,3364,29,3405,30,61130,20415,1209,105890,61129,4396,11063,105891,105889,15181],"class_list":["post-395763","post","type-post","status-publish","format-standard","has-post-thumbnail","category-duesseldorf","tag-ausstellung","tag-de","tag-deutschland","tag-duesseldorf","tag-germany","tag-kortlaender","tag-michael","tag-nordrhein-westfalen","tag-palagonisch","tag-palermo","tag-schoen","tag-schoenheit","tag-schoenheitssalon","tag-schrecklich","tag-worringer"],"share_on_mastodon":{"url":"https:\/\/pubeurope.com\/@de\/115145134898149200","error":""},"_links":{"self":[{"href":"https:\/\/www.europesays.com\/de\/wp-json\/wp\/v2\/posts\/395763","targetHints":{"allow":["GET"]}}],"collection":[{"href":"https:\/\/www.europesays.com\/de\/wp-json\/wp\/v2\/posts"}],"about":[{"href":"https:\/\/www.europesays.com\/de\/wp-json\/wp\/v2\/types\/post"}],"author":[{"embeddable":true,"href":"https:\/\/www.europesays.com\/de\/wp-json\/wp\/v2\/users\/2"}],"replies":[{"embeddable":true,"href":"https:\/\/www.europesays.com\/de\/wp-json\/wp\/v2\/comments?post=395763"}],"version-history":[{"count":0,"href":"https:\/\/www.europesays.com\/de\/wp-json\/wp\/v2\/posts\/395763\/revisions"}],"wp:featuredmedia":[{"embeddable":true,"href":"https:\/\/www.europesays.com\/de\/wp-json\/wp\/v2\/media\/395764"}],"wp:attachment":[{"href":"https:\/\/www.europesays.com\/de\/wp-json\/wp\/v2\/media?parent=395763"}],"wp:term":[{"taxonomy":"category","embeddable":true,"href":"https:\/\/www.europesays.com\/de\/wp-json\/wp\/v2\/categories?post=395763"},{"taxonomy":"post_tag","embeddable":true,"href":"https:\/\/www.europesays.com\/de\/wp-json\/wp\/v2\/tags?post=395763"}],"curies":[{"name":"wp","href":"https:\/\/api.w.org\/{rel}","templated":true}]}}