{"id":395773,"date":"2025-09-04T08:45:12","date_gmt":"2025-09-04T08:45:12","guid":{"rendered":"https:\/\/www.europesays.com\/de\/395773\/"},"modified":"2025-09-04T08:45:12","modified_gmt":"2025-09-04T08:45:12","slug":"bad-vilbel-frankfurt-am-main-retail-nxt-2025-premiere-fuer-ein-neues-handelsverstaendnis","status":"publish","type":"post","link":"https:\/\/www.europesays.com\/de\/395773\/","title":{"rendered":"Bad Vilbel\/Frankfurt am Main &#8211; RETAIL NXT 2025: Premiere f\u00fcr ein neues Handelsverst\u00e4ndnis"},"content":{"rendered":"<p>RETAIL NXT 2025: \u00dcber 100 Speaker, Shop of the Future &amp; Retail Tech Radar 2025 \/ Warum digitale Transformation scheitert, welche Chancen jetzt z\u00e4hlen und wie Handel &amp; Tech die Zeitenwende einleiten<\/p>\n<p> RETAIL TECH RADAR 2025 zeigt, warum Digitalisierung scheitert und was jetzt anders laufen muss <\/p>\n<p> Eine Konferenz mit \u00fcber 100 SpeakerInnen, dem Shop of the Future und einer Studie, die den digitalen Transformationsprozess im Handel auf den Pr\u00fcfstand stellt. <\/p>\n<p> Die digitale Transformation des Handels ist in vollem Gange, doch wie gut wird sie in der Praxis tats\u00e4chlich gelebt? Diese Frage steht im Zentrum der RETAIL NXT 2025 am 30. September und 1. Oktober 2025 in Bad Vilbel. Mit einem Programm aus strategischen Insights, konkreten Use Cases und kontroversen Diskussionen auf Augenh\u00f6he bringt das Event Retailer, Tech-AnbieterInnen und Wissenschaft zusammen. <\/p>\n<p> Ein Highlight: die Vorstellung des neuen Retail Tech Radar 2025, entwickelt in Kooperation zwischen der RETAIL NXT Conference und seinen akademischen Partnern der Universit\u00e4t M\u00fcnster sowie der Case Western Reserve University, Weatherhead School of Management. <\/p>\n<p> Retail Tech Radar 2025: Digitale Transformation zwischen Strategie und Wirklichkeit <\/p>\n<p> Die qualitative Studie untersucht erstmals, wie digitale Technologien entlang aller Hierarchieebenen gro\u00dfer Handelsunternehmen wahrgenommen werden, vom Vorstand \u00fcber Store Manager bis zur Fl\u00e4che. <\/p>\n<p> &#8222;Die Ergebnisse zeigen: Zwischen Management und Verkaufsmitarbeitenden existieren oft v\u00f6llig unterschiedliche Vorstellungen davon, was digitale L\u00f6sungen leisten und wie sie eingef\u00fchrt werden&#8220;, so Dr. J\u00fcrgen Brock, Mitinitiator der RETAIL NXT und Co-Autor der Studie. <\/p>\n<p> Pr\u00e4sentation auf der Main Stage: 01. Oktober, 10:15 &#8211; 10:45 Uhr <\/p>\n<p> Mit: Dr. J\u00fcrgen Brock (Case Western Reserve University, Weatherhead School of Management) &amp; Prof. Dr. Manfred Krafft (Universit\u00e4t M\u00fcnster) <\/p>\n<p> Die Studienmacher stellen zudem ein praxisorientiertes Modell vor, das beschreibt, unter welchen Bedingungen Digitalisierung im Handel erfolgreich implementiert werden kann. <\/p>\n<p> Weitere Highlights der RETAIL NXT 2025 <\/p>\n<p> Shop of the Future: Live begehbare Fl\u00e4che mit Technologien aus Bereichen wie Smart Shelf, Self-Checkout, Visual Merchandising, Connected Commerce und In-Store Analytics <\/p>\n<p> Ausgew\u00e4hlte SpeakerInnen: Tim Engler (CIO, OBI), Martina Novotny (CDO, ANWR Group), Henny Steiniger (VP, MediaMarktSaturn Deutschland), Marc Opelt (CEO, OTTO), Severin Canisius (CIO, Deichmann) u. v. m. <\/p>\n<p> Fokusthemen: Unified Commerce &amp; Customer Experience, Retail Media &amp; Data Analytics, Sustainability &amp; Circular Commerce, AI am POS &amp; in der Supply Chain, Organisation, Leadership &amp; Transformation <\/p>\n<p> Zielgruppe &amp; Relevanz: Die RETAIL NXT richtet sich exklusiv an EntscheiderInnen aus Handel und Industrie. Das Event versteht sich nicht als Messe, sondern als kuratierte Plattform f\u00fcr Strategie, Austausch und Vernetzung, mit \u00fcber 750 Teilnehmenden aus E-Commerce, Omnichannel- und station\u00e4rem Handel. <\/p>\n<p> Die Zukunft des Handels wartet nicht. Wer jetzt schon wissen will, was den Handel morgen pr\u00e4gt, darf die RETAIL NXT 2025 nicht verpassen. Jetzt anmelden! <\/p>\n<p>Pressekontakt:<\/p>\n<p>Pressekontakt &amp; Akkreditierung RETAILNXT<br \/>Termin: 30.09. bis 01.10.2025<br \/>Ort: RETAIL NXT, VILCO Kongresscentrum, Bad Vilbel bei Frankfurt<br \/>Kontakt: <a href=\"https:\/\/www.ad-hoc-news.de\/wirtschaft\/bad-vilbel-frankfurt-am-main-retail-nxt-2025-premiere-fuer-ein-neues\/mailto: presse@retail-nxt.com\" target=\"_blank\" rel=\"noopener\"> presse@retail-nxt.com<\/a><br \/>Akkreditierung unter: <a target=\"_blank\" rel=\"noopener\" href=\"https:\/\/www.retail-nxt.com\/presse\">www.retail-nxt.com\/presse<\/a><\/p>\n<p class=\"origin\">Original-Content von: FLEET Events GmbH \u00fcbermittelt durch news aktuell<\/p>\n<p>http:\/\/ots.de\/5d3dee<\/p>\n","protected":false},"excerpt":{"rendered":"RETAIL NXT 2025: \u00dcber 100 Speaker, Shop of the Future &amp; Retail Tech Radar 2025 \/ Warum digitale&hellip;\n","protected":false},"author":2,"featured_media":395774,"comment_status":"","ping_status":"","sticky":false,"template":"","format":"standard","meta":{"footnotes":""},"categories":[1829],"tags":[15238,29,2050,2051,14578,30,2052,23630,31137,45732,13846,7321,46280,18731],"class_list":{"0":"post-395773","1":"post","2":"type-post","3":"status-publish","4":"format-standard","5":"has-post-thumbnail","7":"category-frankfurt-am-main","8":"tag-chancen","9":"tag-deutschland","10":"tag-frankfurt","11":"tag-frankfurt-am-main","12":"tag-future","13":"tag-germany","14":"tag-hessen","15":"tag-nxt","16":"tag-radar","17":"tag-retail","18":"tag-shop","19":"tag-speaker","20":"tag-tech","21":"tag-transformation"},"share_on_mastodon":{"url":"https:\/\/pubeurope.com\/@de\/115145154531623761","error":""},"_links":{"self":[{"href":"https:\/\/www.europesays.com\/de\/wp-json\/wp\/v2\/posts\/395773","targetHints":{"allow":["GET"]}}],"collection":[{"href":"https:\/\/www.europesays.com\/de\/wp-json\/wp\/v2\/posts"}],"about":[{"href":"https:\/\/www.europesays.com\/de\/wp-json\/wp\/v2\/types\/post"}],"author":[{"embeddable":true,"href":"https:\/\/www.europesays.com\/de\/wp-json\/wp\/v2\/users\/2"}],"replies":[{"embeddable":true,"href":"https:\/\/www.europesays.com\/de\/wp-json\/wp\/v2\/comments?post=395773"}],"version-history":[{"count":0,"href":"https:\/\/www.europesays.com\/de\/wp-json\/wp\/v2\/posts\/395773\/revisions"}],"wp:featuredmedia":[{"embeddable":true,"href":"https:\/\/www.europesays.com\/de\/wp-json\/wp\/v2\/media\/395774"}],"wp:attachment":[{"href":"https:\/\/www.europesays.com\/de\/wp-json\/wp\/v2\/media?parent=395773"}],"wp:term":[{"taxonomy":"category","embeddable":true,"href":"https:\/\/www.europesays.com\/de\/wp-json\/wp\/v2\/categories?post=395773"},{"taxonomy":"post_tag","embeddable":true,"href":"https:\/\/www.europesays.com\/de\/wp-json\/wp\/v2\/tags?post=395773"}],"curies":[{"name":"wp","href":"https:\/\/api.w.org\/{rel}","templated":true}]}}