{"id":395806,"date":"2025-09-04T09:01:14","date_gmt":"2025-09-04T09:01:14","guid":{"rendered":"https:\/\/www.europesays.com\/de\/395806\/"},"modified":"2025-09-04T09:01:14","modified_gmt":"2025-09-04T09:01:14","slug":"traenenausbruch-in-tv-show-ruehrt-auch-horst-lichter","status":"publish","type":"post","link":"https:\/\/www.europesays.com\/de\/395806\/","title":{"rendered":"Tr\u00e4nenausbruch in TV-Show r\u00fchrt auch Horst Lichter"},"content":{"rendered":"<p>Kandidatin versch\u00e4tzt sich <\/p>\n<p>Tr\u00e4nenausbruch bei &#8222;Bares f\u00fcr Rares&#8220; r\u00fchrt auch Horst Lichter<\/p>\n<p>04.09.2025 &#8211; 09:42 UhrLesedauer: 2 Min.<\/p>\n<p><a href=\"#focus-0\" class=\"transition-colors duration-200 focus-within:text-magenta block text-current relative\" data-sctrack=\"FocusGalleryImage.Reference\"><img fetchpriority=\"high\" data-testid=\"Opener.Image\" style=\"--lqipURL:url('https:\/\/images.t-online.de\/2025\/07\/Lz-zcwa65NKy\/836x23:3025x1702\/fit-in\/150x0\/filters:blur(25)\/horst-lichter-er-moderiert-die-beliebte-troedelsendung.jpg')\"   loading=\"eager\" src=\"https:\/\/www.europesays.com\/de\/wp-content\/uploads\/2025\/09\/horst-lichter-er-moderiert-die-beliebte-troedelsendung.jpg\" alt=\"Horst Lichter: Er moderiert die beliebte Tr\u00f6delsendung.\" title=\"Horst Lichter: Er moderiert die beliebte Tr\u00f6delsendung.\" width=\"3025\" height=\"1702\" class=\"bg-[url:var(--lqipURL)] bg-cover bg-center flex h-full w-full max-w-full\" decoding=\"async\"\/><img style=\"--width:32;--height:32\" loading=\"lazy\" src=\"https:\/\/www.t-online.de\/s\/paper\/_next\/static\/media\/zoom-in.f7dae02f.svg\" alt=\"Vergr\u00f6\u00dfern des Bildes\" title=\"Vergr\u00f6\u00dfern des Bildes\" class=\"block h-[calc(var(--height)_\/_16_*_1rem)] w-[calc(var(--width)_\/_16_*_1rem)] max-w-none absolute bottom-8 right-8 rounded-4 bg-snow p-8\" decoding=\"async\"\/><\/a><\/p>\n<p>Horst Lichter: Er moderiert die beliebte Tr\u00f6delsendung. (Quelle: ZDF\/Frank Hempel)<\/p>\n<p class=\"font-bold text-18 leading-17\">In einem emotionalen &#8222;Bares f\u00fcr Rares&#8220;-Moment bietet Horst Lichter eine starke Schulter. Bei einer Teilnehmerin brechen alle D\u00e4mme.<\/p>\n<p class=\"text-18 leading-17\">Aus altem Tr\u00f6del Geld machen, das erhoffen sich die Kandidaten bei &#8222;Bares f\u00fcr Rares&#8220; und gehen am Ende nicht selten zufrieden aus der ZDF-Show. Eine Teilnehmerin wird in einer neuen Ausgabe der Sendung jedoch so \u00fcberrascht, dass es zu einem emotionalen Ausbruch kommt.<\/p>\n<p class=\"text-18 leading-17\">Auf Instagram gibt der Sender vorab einen Einblick in die neue Folge vom kommenden Freitag, dem 5. September \u2013 und die scheint besonders gef\u00fchlsbetont zu sein: Eine Mutter erscheint gemeinsam mit ihrer Tochter und einem mehrteiligen Goldschmuck-Set mit Vatikan-Verzierungen. &#8222;Es sind Mikro-Mosaike in einer enorm feinen Ausf\u00fchrung&#8220;, erkl\u00e4rt Gemmologin <a class=\"transition-colors duration-200 cursor-pointer text-inherit no-underline text-salemsfur md:hover:text-magenta md:hover:border-magenta md:focus:text-magenta border-current border-b border-solid break-words\" href=\"https:\/\/www.t-online.de\/themen\/wendela-horz\/\" data-sctrack=\"BodyAnchor\" target=\"_blank\" rel=\"noopener\">Wendela Horz<\/a>, die den Wert der Antiquit\u00e4t f\u00fcr die beiden in der Sendung einsch\u00e4tzt.<\/p>\n<p class=\"text-18 leading-17\">Die Kandidatinnen geben auf Nachfrage von &#8222;Bares f\u00fcr Rares&#8220;-Moderator <a class=\"transition-colors duration-200 cursor-pointer text-inherit no-underline text-salemsfur md:hover:text-magenta md:hover:border-magenta md:focus:text-magenta border-current border-b border-solid break-words\" href=\"https:\/\/www.t-online.de\/themen\/horst-lichter\/\" data-sctrack=\"BodyAnchor\" target=\"_blank\" rel=\"noopener\">Horst Lichter<\/a> an, was sie f\u00fcr das Set erwarten: &#8222;Ja, wir haben uns jetzt auf 100 Euro geeinigt, vielleicht.&#8220; Doch kurz darauf werden sie eines Besseren belehrt.<\/p>\n<p class=\"text-18 leading-17\">&#8222;Das war wirklich ein ganz, ganz besonderer Schmuck. Man sieht hier den gro\u00dfen Petersplatz, dann kann man hier zum Beispiel das Kapitol sehen, das Kolosseum in 750er Gold. Der reine Goldankaufswert heute liegt bei circa 3.500 Euro&#8220;, kl\u00e4rt Horz sie auf und l\u00f6st Fassungslosigkeit aus: &#8222;Nee! Oh Gott!&#8220; Sie spielen die Szene ab, indem Sie mittig auf den folgenden Videobeitrag klicken.<\/p>\n<p class=\"text-18 leading-17\">Eine der Kandidatinnen, die Mutter, bricht bereits ungl\u00e4ubig in Tr\u00e4nen aus. Die Expertin \u00fcberrascht sie weiter und toppt ihre vorherige \u00c4u\u00dferung: &#8222;Und insgesamt sch\u00e4tze ich diesen Schmuck mit 4.000 bis 4.500 Euro.&#8220; Die bereits aufgel\u00f6ste Kandidatin reagiert mit Kopfsch\u00fctteln.<\/p>\n<p class=\"text-18 leading-17\">Horst Lichter bietet emotionale Unterst\u00fctzung, legt seinen Arm um sie und forderte ihre Tochter auf: &#8222;So, jetzt nimm dir deine Mami mal. Oh, ist das sch\u00f6n.&#8220; Wendela Horz ist sich sicher: &#8222;Und ich glaube, es trifft genau die Richtigen.&#8220; Mutter und Tochter d\u00fcrfen damit zu den H\u00e4ndlern, bedanken sich bei Lichter und Horz und jubeln: &#8222;Wir haben eine Karte.&#8220; Ob sie das Schmuckset in der Sendung verkaufen werden und falls ja, f\u00fcr welche Summe, k\u00f6nnen Zuschauer am Freitag erfahren.<\/p>\n<p class=\"text-18 leading-17\">Auch Fans der Show scheint die &#8222;Bares f\u00fcr Rares&#8220;-Szene zu ber\u00fchren. &#8222;Ich liebe solche Momente. Ich g\u00f6nne es den beiden von Herzen&#8220;, freut sich jemand unter dem Post f\u00fcr das Mutter-Tochter-Gespann. Bei einem anderen User flossen wohl ebenfalls Tr\u00e4nen, wie sein Kommentar andeutet: &#8222;Wer sch\u00e4lt denn hier Zwiebeln?&#8220;<\/p>\n<p class=\"text-18 leading-17\">Ein Follower zeigte sich zudem erleichtert, dass die Kandidatinnen an der ZDF-Show teilgenommen haben: &#8222;Deren Sch\u00e4tzung war aber auch naiv niedrig \u2013 Gott sei Dank waren sie nicht bei einem H\u00e4ndler, der das ausgenutzt h\u00e4tte.&#8220;<\/p>\n","protected":false},"excerpt":{"rendered":"Kandidatin versch\u00e4tzt sich Tr\u00e4nenausbruch bei &#8222;Bares f\u00fcr Rares&#8220; r\u00fchrt auch Horst Lichter 04.09.2025 &#8211; 09:42 UhrLesedauer: 2 Min.&hellip;\n","protected":false},"author":2,"featured_media":395807,"comment_status":"","ping_status":"","sticky":false,"template":"","format":"standard","meta":{"footnotes":""},"categories":[1773],"tags":[2078,29,214,30,8494,2399,471,1780,33207,105900,215,105899],"class_list":{"0":"post-395806","1":"post","2":"type-post","3":"status-publish","4":"format-standard","5":"has-post-thumbnail","7":"category-serien","8":"tag-bares-fuer-rares","9":"tag-deutschland","10":"tag-entertainment","11":"tag-germany","12":"tag-horst-lichter","13":"tag-schmuck","14":"tag-serien","15":"tag-series","16":"tag-traenenausbruch","17":"tag-troedelsendung","18":"tag-unterhaltung","19":"tag-wendela-horz"},"share_on_mastodon":{"url":"https:\/\/pubeurope.com\/@de\/115145217441598805","error":""},"_links":{"self":[{"href":"https:\/\/www.europesays.com\/de\/wp-json\/wp\/v2\/posts\/395806","targetHints":{"allow":["GET"]}}],"collection":[{"href":"https:\/\/www.europesays.com\/de\/wp-json\/wp\/v2\/posts"}],"about":[{"href":"https:\/\/www.europesays.com\/de\/wp-json\/wp\/v2\/types\/post"}],"author":[{"embeddable":true,"href":"https:\/\/www.europesays.com\/de\/wp-json\/wp\/v2\/users\/2"}],"replies":[{"embeddable":true,"href":"https:\/\/www.europesays.com\/de\/wp-json\/wp\/v2\/comments?post=395806"}],"version-history":[{"count":0,"href":"https:\/\/www.europesays.com\/de\/wp-json\/wp\/v2\/posts\/395806\/revisions"}],"wp:featuredmedia":[{"embeddable":true,"href":"https:\/\/www.europesays.com\/de\/wp-json\/wp\/v2\/media\/395807"}],"wp:attachment":[{"href":"https:\/\/www.europesays.com\/de\/wp-json\/wp\/v2\/media?parent=395806"}],"wp:term":[{"taxonomy":"category","embeddable":true,"href":"https:\/\/www.europesays.com\/de\/wp-json\/wp\/v2\/categories?post=395806"},{"taxonomy":"post_tag","embeddable":true,"href":"https:\/\/www.europesays.com\/de\/wp-json\/wp\/v2\/tags?post=395806"}],"curies":[{"name":"wp","href":"https:\/\/api.w.org\/{rel}","templated":true}]}}