{"id":395828,"date":"2025-09-04T09:13:10","date_gmt":"2025-09-04T09:13:10","guid":{"rendered":"https:\/\/www.europesays.com\/de\/395828\/"},"modified":"2025-09-04T09:13:10","modified_gmt":"2025-09-04T09:13:10","slug":"michael-ziemons-will-cdu-oberbuergermeister-werden","status":"publish","type":"post","link":"https:\/\/www.europesays.com\/de\/395828\/","title":{"rendered":"Michael Ziemons will CDU-Oberb\u00fcrgermeister werden"},"content":{"rendered":"<p class=\"text-18 leading-17\">Am Fu\u00dfball sch\u00e4tze er insbesondere, dass sich dort &#8222;ganz unterschiedliche Bev\u00f6lkerungsschichten begegnen&#8220;, sagt Ziemons. Aus demselben Grund sei er ein gro\u00dfer Karnevalsfan. Er findet \u00fcberhaupt, dass Aachen viel zu bieten habe, die &#8222;\u00d6cher&#8220; sich aber oft zu kleinreden w\u00fcrden. &#8222;Tivoli, Karneval, CHIO, Karlspreis, RWTH und FH, Ladies in Black \u2013 andere St\u00e4dte w\u00fcrden sich die Finger danach lecken&#8220;, erkl\u00e4rt er lachend.<\/p>\n<p class=\"text-18 leading-17\">Er liebe an Aachen auch das internationale Flair. &#8222;Man geht hier durch die Innenstadt und h\u00f6rt permanent Niederl\u00e4ndisch, Franz\u00f6sisch, Englisch \u2013 ganz selbstverst\u00e4ndlich&#8220;, sagt Ziemons. Deshalb ist ihm die <a class=\"transition-colors duration-200 cursor-pointer text-inherit no-underline text-salemsfur md:hover:text-magenta md:hover:border-magenta md:focus:text-magenta border-current border-b border-solid break-words\" href=\"https:\/\/www.t-online.de\/themen\/alternative-fuer-deutschland\/\" data-sctrack=\"BodyAnchor\" rel=\"nofollow noopener\" target=\"_blank\">AfD<\/a> ein Dorn im Auge.<\/p>\n<p class=\"text-18 leading-17\">Als CDU-Bundeskanzler <a class=\"transition-colors duration-200 cursor-pointer text-inherit no-underline text-salemsfur md:hover:text-magenta md:hover:border-magenta md:focus:text-magenta border-current border-b border-solid break-words\" href=\"https:\/\/www.t-online.de\/themen\/friedrich-merz\/\" data-sctrack=\"BodyAnchor\" rel=\"nofollow noopener\" target=\"_blank\">Friedrich Merz<\/a> im Januar mit der AfD abstimmte, kritisierte Ziemons die Entscheidung \u00f6ffentlich. Er will kommunal diejenigen W\u00e4hler, die er noch erreichen kann, von der CDU \u00fcberzeugen \u2013 ohne &#8222;weich gewaschenes Politik-Sprech&#8220;, sagt er. &#8222;Der Weg muss sein, zuzuh\u00f6ren und die Leute ernst zu nehmen&#8220;, so Ziemons. &#8222;Und nicht anfangen, rechte Parolen nachzuplappern und das Original zu kopieren.&#8220;<\/p>\n","protected":false},"excerpt":{"rendered":"Am Fu\u00dfball sch\u00e4tze er insbesondere, dass sich dort &#8222;ganz unterschiedliche Bev\u00f6lkerungsschichten begegnen&#8220;, sagt Ziemons. Aus demselben Grund sei&hellip;\n","protected":false},"author":2,"featured_media":395829,"comment_status":"","ping_status":"","sticky":false,"template":"","format":"standard","meta":{"footnotes":"","_share_on_mastodon":"0"},"categories":[1853],"tags":[99070,1424,105906,31,3364,29,1081,548,663,3934,7883,30,13,2766,1460,1420,10917,17336,44477,14,15,1209,7292,3655,12,34875,184,18025,17333,226,6799],"class_list":["post-395828","post","type-post","status-publish","format-standard","has-post-thumbnail","category-aachen","tag-99070","tag-aachen","tag-brent-spar","tag-cdu","tag-de","tag-deutschland","tag-digitalisierung","tag-eu","tag-europa","tag-europe","tag-fluechtlingskrise","tag-germany","tag-headlines","tag-hochschule","tag-kind","tag-koeln","tag-kommunalwahl","tag-michael-servos","tag-michael-ziemon","tag-nachrichten","tag-news","tag-nordrhein-westfalen","tag-nordsee","tag-oberbuergermeisterwahl","tag-schlagzeilen","tag-shell","tag-spd","tag-staedteregion","tag-student","tag-t-online","tag-wahlkampf"],"share_on_mastodon":{"url":"https:\/\/pubeurope.com\/@de\/115145264752447864","error":""},"_links":{"self":[{"href":"https:\/\/www.europesays.com\/de\/wp-json\/wp\/v2\/posts\/395828","targetHints":{"allow":["GET"]}}],"collection":[{"href":"https:\/\/www.europesays.com\/de\/wp-json\/wp\/v2\/posts"}],"about":[{"href":"https:\/\/www.europesays.com\/de\/wp-json\/wp\/v2\/types\/post"}],"author":[{"embeddable":true,"href":"https:\/\/www.europesays.com\/de\/wp-json\/wp\/v2\/users\/2"}],"replies":[{"embeddable":true,"href":"https:\/\/www.europesays.com\/de\/wp-json\/wp\/v2\/comments?post=395828"}],"version-history":[{"count":0,"href":"https:\/\/www.europesays.com\/de\/wp-json\/wp\/v2\/posts\/395828\/revisions"}],"wp:featuredmedia":[{"embeddable":true,"href":"https:\/\/www.europesays.com\/de\/wp-json\/wp\/v2\/media\/395829"}],"wp:attachment":[{"href":"https:\/\/www.europesays.com\/de\/wp-json\/wp\/v2\/media?parent=395828"}],"wp:term":[{"taxonomy":"category","embeddable":true,"href":"https:\/\/www.europesays.com\/de\/wp-json\/wp\/v2\/categories?post=395828"},{"taxonomy":"post_tag","embeddable":true,"href":"https:\/\/www.europesays.com\/de\/wp-json\/wp\/v2\/tags?post=395828"}],"curies":[{"name":"wp","href":"https:\/\/api.w.org\/{rel}","templated":true}]}}