{"id":396770,"date":"2025-09-04T17:44:11","date_gmt":"2025-09-04T17:44:11","guid":{"rendered":"https:\/\/www.europesays.com\/de\/396770\/"},"modified":"2025-09-04T17:44:11","modified_gmt":"2025-09-04T17:44:11","slug":"ukraine-news-26-laender-wollen-sich-an-ukraine-einsatz-beteiligen","status":"publish","type":"post","link":"https:\/\/www.europesays.com\/de\/396770\/","title":{"rendered":"Ukraine-News: 26 L\u00e4nder wollen sich an Ukraine-Einsatz beteiligen\u00a0"},"content":{"rendered":"<p>15:13 Uhr | <a name=\"Minenraeumung\">Toter<\/a> bei russischem Angriff auf Minenr\u00e4umer<\/p>\n<p class=\"text\">\nEine russische Rakete trifft im Norden der Ukraine einem \u00f6rtlichen Beh\u00f6rdenvertreter zufolge eine humanit\u00e4re Minenr\u00e4ummission. Dabei wurde ein Mensch get\u00f6tet und zwei weitere verletzt, wie der B\u00fcrgermeister der Stadt Tschernihiw, Dmytro Bryschynskyj, mitteilt. Der Angriff habe sich in der N\u00e4he von Tschernihiw ereignet. (Quelle: Reuters)\n<\/p>\n<p>14:20 Uhr | Zwei Tote in der Region Donezk<\/p>\n<p class=\"text\">\nBei einem russischen Luftangriff im ostukrainischen Gebiet Donezk sind zwei Zivilisten get\u00f6tet worden. Drei Bomben seien auf den Ort Illiniwka abgeworfen worden, teilte Gouverneur Wadym Filaschkin mit. Demnach fielen weitere drei Bomben auch auf ein Krankenhaus in der nahen Stadt Kostjantyniwka. \u00dcber Opfer hier gab es zun\u00e4chst allerdings keine Angaben. Russische Truppen sind nur noch wenige Kilometer von beiden Orten entfernt. (Quelle: dpa)\n<\/p>\n<p>12:57 Uhr | Bulgarien: Keine gezielte GPS-St\u00f6rung<\/p>\n<p class=\"text\">\nBulgariens Ministerpr\u00e4sident Rossen Scheljaskow hat bestritten, dass das GPS-System des Flugzeugs von EU-Kommissionspr\u00e4sidentin Ursula von der Leyen am Sonntag am Flughafen von Plovdiv gezielt gest\u00f6rt worden sei. Im bulgarischen Parlament sagte er heute, es habe keine direkte St\u00f6rung gegeben. Die Probleme resultierten demnach aus der N\u00e4he zu dem auch mit solchen Mitteln gef\u00fchrten Krieg in der Ukraine, wodurch solche Signal-Interferenzen immer wieder und auch ungezielt auftreten. (Quelle: EBU)\n<\/p>\n<p>12:56 Uhr | Medwedew droht Briten mit Enteignung<\/p>\n<p class=\"text\">\nRusslands Ex-Pr\u00e4sident Dmitri Medwedew droht Gro\u00dfbritannien wegen Unterst\u00fctzung der Ukraine mit der Enteignung britischem Staatsverm\u00f6gen. London liefere Waffen, die mit Ertr\u00e4gen aus eingefrorenen russischen Guthaben bezahlt w\u00fcrden, schrieb Medwedew bei Telegram: &#8222;Die britischen Diebe haben den Neonazis russisches Geld gegeben.&#8220; Damit habe Russland ein Recht auf Kompensation, erkl\u00e4rte der Vizechef des Sicherheitsrats. (Quelle: dpa)\n<\/p>\n<p>12:43 Uhr | Zwei Tote durch Drohne bei Charkiw<\/p>\n<p class=\"text\">\nIn der ostukrainischen Region um Charkiw sind zwei M\u00e4nner durch die Explosion einer russischen Drohne get\u00f6tet worden. Nach Beh\u00f6rdenangaben fanden die Zivilisten die Drohne und brachten sie in ein Haus in Kosatscha Lopan. Als sie den Sprengsatz zu demontieren, sei er detonierte. Zwei weitere M\u00e4nner seien dabei verletzt worden. Das Dorf liegt nur etwa vier Kilometer von der russischen Grenze entfernt. (Quelle: dpa)\n<\/p>\n<p>12:42 Uhr | \u00d6l flie\u00dft wieder durch &#8222;Druschba&#8220;-Pipieline<\/p>\n<p class=\"text\">\nEin ukrainischer Angriff auf die &#8222;Druschba&#8220;-Pipeline in Russland hat nach Angaben von Rosneft Deutschland auch die \u00d6l-Lieferung an die Raffinerie PCK in Brandenburg zeitweise beeintr\u00e4chtigt. Nach der Reparatur der Sch\u00e4den an der Leitung werde sich der Zufluss aber Ende dieser Woche normalisieren, sagte Sprecher Burkhard Woelki. &#8222;Das \u00d6l l\u00e4uft wieder&#8220;, sagte er. PCK bezieht zwar kein russisches Erd\u00f6l mehr, erh\u00e4lt jedoch im Transit \u00fcber die russische &#8222;Druschba&#8220;-Pipeline welches aus Kasachstan. (Quelle: dpa)\n<\/p>\n<p>11:44 Uhr | Russlands Wirtschaft k\u00fchlt sich ab<\/p>\n<p class=\"text\">\nRusslands Wirtschaft k\u00fchlt sich ab. Die Wachstumsprognose werde demn\u00e4chst wohl nach unten korrigiert, sagte Wirtschaftsminister Maxim Reschetnikow nach Angaben russischen Nachrichtenagenturen auf einem Wirtschaftsforum in Wladiwostok. Im April war die russische Regierung von 2,5 Prozent Wachstum in diesem Jahr ausgegangen. (Quelle: dpa)\n<\/p>\n<p>11:40 Uhr | Selenskyj trifft sich mit Witkoff<\/p>\n<p class=\"text\">\nDer ukrainische Pr\u00e4sident Wolodymyr Selenskyj hat sich nach offiziell unbest\u00e4tigten Angaben in Paris heute auch zu einem Einzelgespr\u00e4ch mit dem US-Sondergesandten Steve Witkoff getroffen. (Quelle: Reuters)\n<\/p>\n<p>11:35 Uhr | Rutte weist russische Ablehnung zur\u00fcck<\/p>\n<p class=\"text\">\nNato-Generalsekret\u00e4r Mark Rutte hat Moskau abgesprochen, \u00fcber westliche Sicherheitsgarantien f\u00fcr die Ukraine zu bestimmen. &#8222;Warum interessiert uns, was Russland \u00fcber Truppen in der Ukraine denkt?&#8220; \u2013 fragte er rhetorisch bei einer Konferenz zur Sicherheitspolitik in Tschechiens Hauptstadt Prag.\n<\/p>\n<p class=\"text\">\nUnd Rutte antwortete: \u00a0&#8222;Das haben sie nicht zu entscheiden.&#8220;\u00a0Er verwies darauf, dass die Ukraine &#8222;ein souver\u00e4nes Land&#8220; sei.<\/p>\n<p>Zugleich warnte Rutte, dass China und Russland nicht f\u00fcr Milit\u00e4rparaden in ihre Streitkr\u00e4fte investierten, sondern in den Versuch, die Weltordnung zu ver\u00e4ndern. (Quellen: AFP, EBU, dpa)\n<\/p>\n<p>10:15 Uhr | Bundeswehr-Einheit \u00fcben in Litauen<\/p>\n<p class=\"text\">\nHunderte Bundeswehrsoldaten aus Th\u00fcringen sind in diesen Tagen unterwegs nach Litauen. Sie nehmen am Man\u00f6ver &#8222;Grand Eagle&#8220; teil. Dabei handelt es sich nach Angaben von Brigade-Kommandeur General David Markus um das Aufkl\u00e4rungsbataillon 13 aus Gotha, das Versorgungsbataillon 131 aus Bad Frankenhausen und um kleinere Kontingente von Einheiten in Bad Frankenhausen, Bad Salzungen und Gera, die allesamt zur s\u00e4chsisch-th\u00fcringischen Panzergrenadierbrigade 37 geh\u00f6ren.<\/p>\n","protected":false},"excerpt":{"rendered":"15:13 Uhr | Toter bei russischem Angriff auf Minenr\u00e4umer Eine russische Rakete trifft im Norden der Ukraine einem&hellip;\n","protected":false},"author":2,"featured_media":396771,"comment_status":"","ping_status":"","sticky":false,"template":"","format":"standard","meta":{"footnotes":"","_share_on_mastodon":"0"},"categories":[4013],"tags":[331,332,227,3553,13,85552,4046,56029,81,9978,14,15,885,27298,12689,111,4043,4044,850,307,859,860,12,861,113,317,64,103,105224],"class_list":["post-396770","post","type-post","status-publish","format-standard","has-post-thumbnail","category-russland","tag-aktuelle-nachrichten","tag-aktuelle-news","tag-china","tag-desinformation","tag-headlines","tag-jinping","tag-krieg","tag-kupjansk","tag-mdr","tag-militaerparade","tag-nachrichten","tag-news","tag-nordkorea","tag-ostukraine","tag-propaganda","tag-putin","tag-russia","tag-russian-federation","tag-russische-foederation","tag-russland","tag-sachsen","tag-sachsen-anhalt","tag-schlagzeilen","tag-thueringen","tag-trump","tag-ukraine","tag-usa","tag-welt","tag-xi"],"share_on_mastodon":{"url":"https:\/\/pubeurope.com\/@de\/115147274066177915","error":""},"_links":{"self":[{"href":"https:\/\/www.europesays.com\/de\/wp-json\/wp\/v2\/posts\/396770","targetHints":{"allow":["GET"]}}],"collection":[{"href":"https:\/\/www.europesays.com\/de\/wp-json\/wp\/v2\/posts"}],"about":[{"href":"https:\/\/www.europesays.com\/de\/wp-json\/wp\/v2\/types\/post"}],"author":[{"embeddable":true,"href":"https:\/\/www.europesays.com\/de\/wp-json\/wp\/v2\/users\/2"}],"replies":[{"embeddable":true,"href":"https:\/\/www.europesays.com\/de\/wp-json\/wp\/v2\/comments?post=396770"}],"version-history":[{"count":0,"href":"https:\/\/www.europesays.com\/de\/wp-json\/wp\/v2\/posts\/396770\/revisions"}],"wp:featuredmedia":[{"embeddable":true,"href":"https:\/\/www.europesays.com\/de\/wp-json\/wp\/v2\/media\/396771"}],"wp:attachment":[{"href":"https:\/\/www.europesays.com\/de\/wp-json\/wp\/v2\/media?parent=396770"}],"wp:term":[{"taxonomy":"category","embeddable":true,"href":"https:\/\/www.europesays.com\/de\/wp-json\/wp\/v2\/categories?post=396770"},{"taxonomy":"post_tag","embeddable":true,"href":"https:\/\/www.europesays.com\/de\/wp-json\/wp\/v2\/tags?post=396770"}],"curies":[{"name":"wp","href":"https:\/\/api.w.org\/{rel}","templated":true}]}}