{"id":398118,"date":"2025-09-05T06:35:11","date_gmt":"2025-09-05T06:35:11","guid":{"rendered":"https:\/\/www.europesays.com\/de\/398118\/"},"modified":"2025-09-05T06:35:11","modified_gmt":"2025-09-05T06:35:11","slug":"kursangebot-mehr-selbstsicherheit-fuer-schuechterne-jugendliche","status":"publish","type":"post","link":"https:\/\/www.europesays.com\/de\/398118\/","title":{"rendered":"Kursangebot: Mehr Selbstsicherheit f\u00fcr sch\u00fcchterne Jugendliche"},"content":{"rendered":"<p>                            05.09.2025<\/p>\n<p>Die Schulpsychologie der Stadt Bonn bietet ab Oktober 2025 erneut ein Kursangebot f\u00fcr M\u00e4dchen und Jungen mit sozialer Unsicherheit an.<\/p>\n<p>Immer wieder h\u00f6ren die Mitarbeiter*innen der Schulpsychologie Bonn von jungen Menschen Aussagen wie \u201eWie sch\u00f6n, wenn es keine Noten f\u00fcr m\u00fcndliche Mitarbeit g\u00e4be\u201c oder \u201eWie schaffe ich es, mich im Unterricht zu beteiligen?\u201c. F\u00fcr manche Kinder und Jugendliche bedeutet es Stress, sich im Unterricht zu melden oder vor der Klasse zu sprechen. Sie melden sich oft nicht, selbst wenn sie die Antwort wissen.<\/p>\n<p>\u201eDie Antwort k\u00f6nnte doch falsch sein. Die anderen k\u00f6nnten einen anschauen. Jemand k\u00f6nnte eine bl\u00f6de Bemerkung machen. Es k\u00f6nnte peinlich sein &#8230; Solche Gedanken machen sich viele Jugendliche\u201c, berichtet Johannes Bendszus, Leiter der Bonner Schulpsychologie im Amt f\u00fcr Kinder, Jugend und Familie der Stadt Bonn. Unterst\u00fctzung und L\u00f6sungsans\u00e4tze bietet hier das kreative Gruppenangebot der Schulpsychologie f\u00fcr Sch\u00fcler*innen mit sozialer Unsicherheit.\u00a0<\/p>\n<p>Bei diesem Angebot geht es darum, zu mehr Selbstsicherheit zu finden. In einer gesch\u00fctzten Umgebung k\u00f6nnen sich die jungen Menschen ausprobieren und ihre Grenzen erweitern, so wie es f\u00fcr sie individuell passt. Dabei gibt es kein richtig oder falsch und keine Bewertung. Niemand wird zu etwas gezwungen. Die Teilnehmer*innen sollen dabei auch Spa\u00df haben.<\/p>\n<p>Die Gruppe ist f\u00fcr Sch\u00fclerinnen und Sch\u00fcler im Alter von 11 bis 14 Jahren gedacht. Es gibt acht Pl\u00e4tze. Das Angebot l\u00e4uft \u00fcber sechs Termine, immer montags von 15:30 Uhr bis 16:30 Uhr. Start ist am 27. Oktober 2025. Der Kurs findet in den R\u00e4umen der Schulpsychologie Bonn, Oppelner Stra\u00dfe 130, in Tannenbusch, statt. Das Angebot ist kostenfrei.<\/p>\n<p>Unter <a class=\"SP-Paragraph__link SP-encrypted-email\" href=\"https:\/\/www.bonn.de\/pressemitteilungen\/september\/mailto:veranstaltung.schulpsychologie%E2%9A%B9bonn%E2%97%A6de\" data-sp-email=\"\" rel=\"nofollow noopener\" target=\"_blank\">\u00a0veranstaltung.schulpsychologiebonnde<\/a> k\u00f6nnen sich Interessierte anmelden oder Fragen stellen. Anmeldeschluss ist der 2. Oktober 2025. Bei den Anmeldungen werden Anmeldedatum und eine passende Gruppenzusammensetzung ber\u00fccksichtigt.\u00a0<\/p>\n<p>                            Sie befinden sich hier:<\/p>\n<ol class=\"SP-Path__list\">\n<li class=\"SP-Path__item\"><a class=\"SP-Path__link\" href=\"https:\/\/www.bonn.de\/index.php\" rel=\"nofollow noopener\" target=\"_blank\">Startseite<\/a><\/li>\n<li class=\"SP-Path__item\"><a class=\"SP-Path__link\" href=\"https:\/\/www.bonn.de\/service-bieten\/index.php\" rel=\"nofollow noopener\" target=\"_blank\">Service bieten.<\/a><\/li>\n<li class=\"SP-Path__item\"><a class=\"SP-Path__link\" href=\"https:\/\/www.bonn.de\/service-bieten\/aktuelles-zahlen-fakten\/index.php\" rel=\"nofollow noopener\" target=\"_blank\">Aktuelles. Zahlen. Fakten.<\/a><\/li>\n<li class=\"SP-Path__item\"><a class=\"SP-Path__link\" href=\"https:\/\/www.bonn.de\/service-bieten\/aktuelles-zahlen-fakten\/newsroom.php\" rel=\"nofollow noopener\" target=\"_blank\">Newsroom.<\/a><\/li>\n<li class=\"SP-Path__item\"><a class=\"SP-Path__link\" href=\"https:\/\/www.bonn.de\/pressemitteilungen\/index.php\" rel=\"nofollow noopener\" target=\"_blank\">Aktuelle Meldungen.<\/a><\/li>\n<li class=\"SP-Path__item\"><strong class=\"SP-Path__self\">Kursangebot: Mehr Selbstsicherheit f\u00fcr sch\u00fcchterne Jugendliche<\/strong><\/li>\n<\/ol>\n<p>Erl\u00e4uterungen und Hinweise                        <\/p>\n","protected":false},"excerpt":{"rendered":"05.09.2025 Die Schulpsychologie der Stadt Bonn bietet ab Oktober 2025 erneut ein Kursangebot f\u00fcr M\u00e4dchen und Jungen mit&hellip;\n","protected":false},"author":2,"featured_media":4419,"comment_status":"","ping_status":"","sticky":false,"template":"","format":"standard","meta":{"footnotes":""},"categories":[1842],"tags":[1741,3364,29,30,1209],"class_list":{"0":"post-398118","1":"post","2":"type-post","3":"status-publish","4":"format-standard","5":"has-post-thumbnail","7":"category-bonn","8":"tag-bonn","9":"tag-de","10":"tag-deutschland","11":"tag-germany","12":"tag-nordrhein-westfalen"},"share_on_mastodon":{"url":"https:\/\/pubeurope.com\/@de\/115150305568656391","error":""},"_links":{"self":[{"href":"https:\/\/www.europesays.com\/de\/wp-json\/wp\/v2\/posts\/398118","targetHints":{"allow":["GET"]}}],"collection":[{"href":"https:\/\/www.europesays.com\/de\/wp-json\/wp\/v2\/posts"}],"about":[{"href":"https:\/\/www.europesays.com\/de\/wp-json\/wp\/v2\/types\/post"}],"author":[{"embeddable":true,"href":"https:\/\/www.europesays.com\/de\/wp-json\/wp\/v2\/users\/2"}],"replies":[{"embeddable":true,"href":"https:\/\/www.europesays.com\/de\/wp-json\/wp\/v2\/comments?post=398118"}],"version-history":[{"count":0,"href":"https:\/\/www.europesays.com\/de\/wp-json\/wp\/v2\/posts\/398118\/revisions"}],"wp:featuredmedia":[{"embeddable":true,"href":"https:\/\/www.europesays.com\/de\/wp-json\/wp\/v2\/media\/4419"}],"wp:attachment":[{"href":"https:\/\/www.europesays.com\/de\/wp-json\/wp\/v2\/media?parent=398118"}],"wp:term":[{"taxonomy":"category","embeddable":true,"href":"https:\/\/www.europesays.com\/de\/wp-json\/wp\/v2\/categories?post=398118"},{"taxonomy":"post_tag","embeddable":true,"href":"https:\/\/www.europesays.com\/de\/wp-json\/wp\/v2\/tags?post=398118"}],"curies":[{"name":"wp","href":"https:\/\/api.w.org\/{rel}","templated":true}]}}