{"id":398354,"date":"2025-09-05T08:46:17","date_gmt":"2025-09-05T08:46:17","guid":{"rendered":"https:\/\/www.europesays.com\/de\/398354\/"},"modified":"2025-09-05T08:46:17","modified_gmt":"2025-09-05T08:46:17","slug":"pol-ac-zusammenstoss-auf-der-europastrasse","status":"publish","type":"post","link":"https:\/\/www.europesays.com\/de\/398354\/","title":{"rendered":"POL-AC: Zusammensto\u00df auf der Europastra\u00dfe"},"content":{"rendered":"<p class=\"date\">05.09.2025 \u2013 10:31<\/p>\n<p class=\"customer\">\n                        <a class=\"story-customer\" title=\"weiter zum newsroom von Polizei Aachen\" href=\"https:\/\/www.presseportal.de\/blaulicht\/nr\/11559\" rel=\"nofollow noopener\" target=\"_blank\">Polizei Aachen<\/a>\n                    <\/p>\n<p><a class=\"glightbox event-trigger\" href=\"https:\/\/cache.pressmailing.net\/thumbnail\/story_hires\/e40336d2-f647-4cae-8f37-b05ddfabb631\/VUP_Stolberg.jpg.jpg\" data-description=\"Quelle: Polizei Aachen\" data-category=\"medialightbox\" data-action=\"click\" data-label=\"single\" data-value=\"68ba9ff7270000fd2c62dfe6\" rel=\"nofollow noopener\" target=\"_blank\"><img decoding=\"async\" height=\"540\" with=\"720\" src=\"https:\/\/www.europesays.com\/de\/wp-content\/uploads\/2025\/09\/pol-ac-zusammensto-auf-der-europastra-e.jpeg\"   alt=\"POL-AC: Zusammensto\u00df auf der Europastra\u00dfe\" class=\"single\"\/><\/a><\/p>\n<p><a data-category=\"citylink-story-view\" data-action=\"click\" data-label=\"Citylink in Meldungsansicht\" class=\"story-city event-trigger\" href=\"https:\/\/www.presseportal.de\/regional\/Stolberg\" title=\"News aus Stolberg \" rel=\"nofollow noopener\" target=\"_blank\">Stolberg<\/a> (ots)<\/p>\n<p>Bei einem Unfall in der Innenstadt sind am Donnerstagmittag (04.09.25) zwei Menschen verletzt worden, einer davon schwer.<\/p>\n<p>Kurz nach 13:30 Uhr war ein Mann mit seinem Auto auf der Hermann-Ritter-Stra\u00dfe in Richtung Europastra\u00dfe unterwegs. An der Einm\u00fcndung<br \/>\nwollte er nach links auf die Europastra\u00dfe abbiegen. Dabei \u00fcbersah er offenbar einen Wagen, der auf der vorfahrtsberechtigten Stra\u00dfe fuhr und links in den Schellerweg abbiegen wollte. Es kam zum Zusammensto\u00df zwischen den beiden Fahrzeugen.<\/p>\n<p>Der mutma\u00dfliche Unfallverursacher &#8211; ein 32-j\u00e4hriger Stolberger &#8211; wurde in seinem Fahrzeug eingeklemmt. Er, sein Kind (ein 2-j\u00e4hriger Junge) und der Fahrer des anderen Wagens (ein 50-j\u00e4hriger Mann aus W\u00fcrselen) wurden in umliegende Krankenh\u00e4user gebracht. Der mutma\u00dfliche Unfallverursacher wurde schwer, der andere Autofahrer leicht verletzt. Das Kind wurde vorsorglich in ein Krankenhaus gebracht. Dort stellte sich heraus, dass es nicht verletzt war.<\/p>\n<p>Die Europastra\u00dfe war im Unfallbereich f\u00fcr anderthalb Stunden gesperrt.<\/p>\n<p>Das Foto kann im Rahmen der Berichterstattung rechtefrei verwendet werden. (sk)<\/p>\n<p class=\"contact-headline\">R\u00fcckfragen bitte an:<\/p>\n<p class=\"contact-text\">Polizei Aachen<br \/>Pressestelle<\/p>\n<p>Telefon: 0241 \/ 9577 &#8211; 21211<br \/>E-Mail: <a href=\"https:\/\/www.presseportal.de\/blaulicht\/pm\/11559\/mailto: Pressestelle.Aachen@polizei.nrw.de\" class=\"uri-mailto\" rel=\"nofollow noopener\" target=\"_blank\"> Pressestelle.Aachen@polizei.nrw.de<\/a><\/p>\n<p class=\"originator\">Original-Content von: Polizei Aachen, \u00fcbermittelt durch news aktuell<\/p>\n","protected":false},"excerpt":{"rendered":"05.09.2025 \u2013 10:31 Polizei Aachen Stolberg (ots) Bei einem Unfall in der Innenstadt sind am Donnerstagmittag (04.09.25) zwei&hellip;\n","protected":false},"author":2,"featured_media":398355,"comment_status":"","ping_status":"","sticky":false,"template":"","format":"standard","meta":{"footnotes":""},"categories":[1853],"tags":[1424,3364,29,548,663,3934,30,13,177,14,15,1209,176,121,178,180,179,181,12],"class_list":{"0":"post-398354","1":"post","2":"type-post","3":"status-publish","4":"format-standard","5":"has-post-thumbnail","7":"category-aachen","8":"tag-aachen","9":"tag-de","10":"tag-deutschland","11":"tag-eu","12":"tag-europa","13":"tag-europe","14":"tag-germany","15":"tag-headlines","16":"tag-kriminalitt","17":"tag-nachrichten","18":"tag-news","19":"tag-nordrhein-westfalen","20":"tag-nrw","21":"tag-polizei","22":"tag-presse","23":"tag-pressemeldung","24":"tag-pressemitteilung","25":"tag-pressemitteilungen","26":"tag-schlagzeilen"},"share_on_mastodon":{"url":"https:\/\/pubeurope.com\/@de\/115150820927501674","error":""},"_links":{"self":[{"href":"https:\/\/www.europesays.com\/de\/wp-json\/wp\/v2\/posts\/398354","targetHints":{"allow":["GET"]}}],"collection":[{"href":"https:\/\/www.europesays.com\/de\/wp-json\/wp\/v2\/posts"}],"about":[{"href":"https:\/\/www.europesays.com\/de\/wp-json\/wp\/v2\/types\/post"}],"author":[{"embeddable":true,"href":"https:\/\/www.europesays.com\/de\/wp-json\/wp\/v2\/users\/2"}],"replies":[{"embeddable":true,"href":"https:\/\/www.europesays.com\/de\/wp-json\/wp\/v2\/comments?post=398354"}],"version-history":[{"count":0,"href":"https:\/\/www.europesays.com\/de\/wp-json\/wp\/v2\/posts\/398354\/revisions"}],"wp:featuredmedia":[{"embeddable":true,"href":"https:\/\/www.europesays.com\/de\/wp-json\/wp\/v2\/media\/398355"}],"wp:attachment":[{"href":"https:\/\/www.europesays.com\/de\/wp-json\/wp\/v2\/media?parent=398354"}],"wp:term":[{"taxonomy":"category","embeddable":true,"href":"https:\/\/www.europesays.com\/de\/wp-json\/wp\/v2\/categories?post=398354"},{"taxonomy":"post_tag","embeddable":true,"href":"https:\/\/www.europesays.com\/de\/wp-json\/wp\/v2\/tags?post=398354"}],"curies":[{"name":"wp","href":"https:\/\/api.w.org\/{rel}","templated":true}]}}