{"id":398493,"date":"2025-09-05T10:01:16","date_gmt":"2025-09-05T10:01:16","guid":{"rendered":"https:\/\/www.europesays.com\/de\/398493\/"},"modified":"2025-09-05T10:01:16","modified_gmt":"2025-09-05T10:01:16","slug":"rewe-ruft-burger-broetchen-zurueck-schimmelgefahr-alarmiert-kunden-leben-wissen","status":"publish","type":"post","link":"https:\/\/www.europesays.com\/de\/398493\/","title":{"rendered":"Rewe ruft Burger-Br\u00f6tchen zur\u00fcck: Schimmelgefahr alarmiert Kunden | Leben &#038; Wissen"},"content":{"rendered":"<p> An dieser Stelle findest du den Text-to-Speech Player<\/p>\n<p> Um den TTS Player darzustellen, brauchen wir deine Zustimmung. <\/p>\n<p> externen Inhalt aktivieren  Um eingebettete Inhalte anzuzeigen, ist Ihre jederzeit widerrufliche Einwilligung (\u00fcber den Schalter oder \u00fcber &#8220; <a class=\"embed-placeholder__text-link\" href=\"#\" rel=\"noopener noreferrer\" title=\"Tracking widerrufen\"> Widerruf Tracking und Cookies<\/a> &#8220; am Seitenende) zur Verarbeitung personenbezogener Daten n\u00f6tig.  Dabei k\u00f6nnen Daten in Drittl\u00e4nder wie die USA \u00fcbermittelt werden (Art. 49 Abs. 1 lit. a DSGVO). Mit dem Aktivieren des Inhalts stimmen Sie zu. Weitere Infos finden Sie <a class=\"embed-placeholder__text-link\" href=\"#\" rel=\"noopener noreferrer\" title=\"Zu den Privatsph\u00e4re Einstellungen\"> hier<\/a>. <\/p>\n<p data-suggestion-id=\"suggestions-0-325\"><b>Rewe ruft Burger-Br\u00f6tchen zur\u00fcck \u2013 akute Schimmelgefahr! Kunden sollen ihre Buns sofort checken und nicht essen, wenn etwas verd\u00e4chtig aussieht. In mindestens sieben Bundesl\u00e4ndern wurden die Packungen verkauft.<\/b><\/p>\n<p data-suggestion-id=\"suggestions-0-325\">Betroffen sind mehrere Chargen des Herstellers Nordthy A\/S. Der R\u00fcckruf erfolgte bereits am 29. August 2025. Es geht um \u201e<a href=\"https:\/\/www.bild.de\/leben-wissen\/ernaehrung-diaet\/burger-wo-der-kaese-wirklich-hin-muss-668530cd18c33d086d7b94f9\" class=\"text-link\" rel=\"nofollow noopener\" target=\"_blank\">American Style Burger Buns <\/a>(mit Sesam)\u201c, 6 St\u00fcck \u00e0 300 g, EAN 5711070800371.<\/p>\n<p><b>Woher kommt der Name \u201eBuns\u201c?<\/b><\/p>\n<p>Das englische Wort \u201eBun\u201c beschreibt allgemein ein \u201ekleines rundes Br\u00f6tchen\u201c. Im Amerikanischen wird insbesondere das <a href=\"https:\/\/www.bild.de\/news\/ausland\/mcdonalds-sie-erraten-nie-in-welchem-land-es-diesen-burger-gibt-67110aef1eb02276e252d4ab\" class=\"text-link\" rel=\"nofollow noopener\" target=\"_blank\">Burgerbr\u00f6tchen<\/a> so bezeichnet.<\/p>\n<p>Diese Mindesthaltbarkeitsdaten sind betroffen<\/p>\n<p data-suggestion-id=\"suggestions-325-733\"><b>24.9.2025; 2.10.2025; 16.10.2025; 20.10.2025; 22.10.2025; 31.10.2025; 7.11.2025<\/b><\/p>\n<p data-suggestion-id=\"suggestions-325-733\">Verkauft wurden die Buns laut <a href=\"https:\/\/www.lebensmittelwarnung.de\/DE\/Home\/home_node.html\" target=\"_blank\" rel=\"noopener nofollow\" class=\"text-link--external text-link\">Lebensmittelwarnung.de<\/a> in Bremen, Hamburg, Niedersachsen, Nordrhein-Westfalen, Schleswig-Holstein, Hessen und Sachsen-Anhalt.<\/p>\n<p><img decoding=\"async\" width=\"992\" height=\"389\" alt=\"So sieht die Verpackung der betroffenen Burger-Buns aus\" src=\"https:\/\/www.europesays.com\/de\/wp-content\/uploads\/2025\/09\/383251817e1bd3dc21cc5484c0e1c89a,d6344d9f\"   class=\"dynamic\" loading=\"lazy\"\/><\/p>\n<p class=\"fig__caption__text\">So sieht die Verpackung der betroffenen Burger-Buns aus<\/p>\n<p>Foto: Rewe<\/p>\n<p>Das ist der Grund<\/p>\n<p data-suggestion-id=\"suggestions-733-1058\">An der <a href=\"https:\/\/www.bild.de\/leben-wissen\/sparfochs\/verbraucherzentrale-enthuellt-die-neuesten-tricks-bei-mogelpackungen-6656f5520821a805ea1ddb6d\" class=\"text-link\" rel=\"nofollow noopener\" target=\"_blank\">Verpackungsmaschine<\/a> wurde ein technischer Defekt festgestellt. Nach Angaben von Nordthy A\/S kann ein abgenutzter Teflonstopfen die Folie besch\u00e4digt haben \u2013 Folge: undichte Verpackungen, <a href=\"https:\/\/www.bild.de\/ratgeber\/2023\/ratgeber\/weihnachten-wie-lange-kann-ich-die-reste-vom-essen-noch-geniessen-86165376.bild.html\" class=\"text-link\" rel=\"nofollow noopener\" target=\"_blank\">Schimmelbildung<\/a>, nicht mehr verzehrbar.<\/p>\n<p data-suggestion-id=\"suggestions-1058-1384\"><b>Das Risiko: Schimmel kann Magen-Darm-Probleme, \u00dcbelkeit und Durchfall ausl\u00f6sen \u2013 in schweren F\u00e4llen sogar Leber- und Nierensch\u00e4den. Mykotoxine sind schon in geringen Mengen gesundheitssch\u00e4dlich. Verbraucher sollten Produktname, EAN und Mindesthaltbarkeitsdatum auf der Verpackung pr\u00fcfen.<\/b><\/p>\n<p>Mehr zum ThemaSo bekommen Kunden ihr Geld zur\u00fcck<\/p>\n<p data-suggestion-id=\"suggestions-1384-1629\">R\u00fcckgabe in der Verkaufsstelle oder direkt beim Hersteller \u2013 der volle Kaufpreis wird erstattet, auch ohne Kaufbeleg.<\/p>\n<p data-suggestion-id=\"suggestions-1384-1629\"><b>Wer nach dem Verzehr Beschwerden hat, sollte einen Arzt aufsuchen.<\/b><\/p>\n","protected":false},"excerpt":{"rendered":"An dieser Stelle findest du den Text-to-Speech Player Um den TTS Player darzustellen, brauchen wir deine Zustimmung. externen&hellip;\n","protected":false},"author":2,"featured_media":398494,"comment_status":"","ping_status":"","sticky":false,"template":"","format":"standard","meta":{"footnotes":""},"categories":[134],"tags":[175,170,169,29,1024,30,702,171,174,872,17629,37250,45,173,172],"class_list":{"0":"post-398493","1":"post","2":"type-post","3":"status-publish","4":"format-standard","5":"has-post-thumbnail","7":"category-unternehmen-maerkte","8":"tag-business","9":"tag-companies","10":"tag-companies-markets","11":"tag-deutschland","12":"tag-edeka","13":"tag-germany","14":"tag-lebensmittel","15":"tag-markets","16":"tag-maerkte","17":"tag-rewe","18":"tag-rossmann","19":"tag-rueckrufaktion","20":"tag-texttospeech","21":"tag-unternehmen","22":"tag-unternehmen-maerkte"},"share_on_mastodon":{"url":"https:\/\/pubeurope.com\/@de\/115151115802636301","error":""},"_links":{"self":[{"href":"https:\/\/www.europesays.com\/de\/wp-json\/wp\/v2\/posts\/398493","targetHints":{"allow":["GET"]}}],"collection":[{"href":"https:\/\/www.europesays.com\/de\/wp-json\/wp\/v2\/posts"}],"about":[{"href":"https:\/\/www.europesays.com\/de\/wp-json\/wp\/v2\/types\/post"}],"author":[{"embeddable":true,"href":"https:\/\/www.europesays.com\/de\/wp-json\/wp\/v2\/users\/2"}],"replies":[{"embeddable":true,"href":"https:\/\/www.europesays.com\/de\/wp-json\/wp\/v2\/comments?post=398493"}],"version-history":[{"count":0,"href":"https:\/\/www.europesays.com\/de\/wp-json\/wp\/v2\/posts\/398493\/revisions"}],"wp:featuredmedia":[{"embeddable":true,"href":"https:\/\/www.europesays.com\/de\/wp-json\/wp\/v2\/media\/398494"}],"wp:attachment":[{"href":"https:\/\/www.europesays.com\/de\/wp-json\/wp\/v2\/media?parent=398493"}],"wp:term":[{"taxonomy":"category","embeddable":true,"href":"https:\/\/www.europesays.com\/de\/wp-json\/wp\/v2\/categories?post=398493"},{"taxonomy":"post_tag","embeddable":true,"href":"https:\/\/www.europesays.com\/de\/wp-json\/wp\/v2\/tags?post=398493"}],"curies":[{"name":"wp","href":"https:\/\/api.w.org\/{rel}","templated":true}]}}