{"id":398572,"date":"2025-09-05T10:44:11","date_gmt":"2025-09-05T10:44:11","guid":{"rendered":"https:\/\/www.europesays.com\/de\/398572\/"},"modified":"2025-09-05T10:44:11","modified_gmt":"2025-09-05T10:44:11","slug":"mann-entbloesst-sich-vor-dresdner-hauptbahnhof-polizei-greift-ein","status":"publish","type":"post","link":"https:\/\/www.europesays.com\/de\/398572\/","title":{"rendered":"Mann entbl\u00f6\u00dft sich vor Dresdner Hauptbahnhof \u2013 Polizei greift ein"},"content":{"rendered":"<p>Am Donnerstagabend kam es vor dem Hauptbahnhof Dresden zu einem ungew\u00f6hnlichen Vorfall. Ein Mann zeigte sich dort leicht bekleidet und begann, sich exhibitionistisch zu verhalten. Die Polizei f\u00fchrt ihn ab.<\/p>\n<p class=\"Textstyled__Text-sc-1cqv9mi-0 dKgfuR\">Dresden. Vor dem Hauptbahnhof Dresden hat sich am Donnerstagabend ein 42-j\u00e4hriger Mann \u00f6ffentlich entbl\u00f6\u00dft. Beamte der Bundespolizei bemerkten die leicht bekleidete Person gegen 21 Uhr und wurden Zeugen der exhibitionistischen Handlungen.<\/p>\n<p class=\"Textstyled__Text-sc-1cqv9mi-0 dKgfuR\">Der Mann reagierte zun\u00e4chst widerspenstig auf die Aufforderung der Beamten, sich anzuziehen und auszuweisen. Aufgrund seiner Alkoholisierung wurde er anschlie\u00dfend zur weiteren Bearbeitung mit auf die Dienststelle genommen.<\/p>\n<p class=\"Textstyled__Text-sc-1cqv9mi-0 dKgfuR\">Die Deutsche Bahn sprach zus\u00e4tzlich ein Hausverbot f\u00fcr den Hauptbahnhof aus. Gegen den Deutschen wurde ein Strafverfahren wegen exhibitionistischer Handlungen eingeleitet.<\/p>\n","protected":false},"excerpt":{"rendered":"Am Donnerstagabend kam es vor dem Hauptbahnhof Dresden zu einem ungew\u00f6hnlichen Vorfall. Ein Mann zeigte sich dort leicht&hellip;\n","protected":false},"author":2,"featured_media":398573,"comment_status":"","ping_status":"","sticky":false,"template":"","format":"standard","meta":{"footnotes":""},"categories":[1835],"tags":[3364,29,2386,30,859],"class_list":{"0":"post-398572","1":"post","2":"type-post","3":"status-publish","4":"format-standard","5":"has-post-thumbnail","7":"category-dresden","8":"tag-de","9":"tag-deutschland","10":"tag-dresden","11":"tag-germany","12":"tag-sachsen"},"share_on_mastodon":{"url":"https:\/\/pubeurope.com\/@de\/115151284924164389","error":""},"_links":{"self":[{"href":"https:\/\/www.europesays.com\/de\/wp-json\/wp\/v2\/posts\/398572","targetHints":{"allow":["GET"]}}],"collection":[{"href":"https:\/\/www.europesays.com\/de\/wp-json\/wp\/v2\/posts"}],"about":[{"href":"https:\/\/www.europesays.com\/de\/wp-json\/wp\/v2\/types\/post"}],"author":[{"embeddable":true,"href":"https:\/\/www.europesays.com\/de\/wp-json\/wp\/v2\/users\/2"}],"replies":[{"embeddable":true,"href":"https:\/\/www.europesays.com\/de\/wp-json\/wp\/v2\/comments?post=398572"}],"version-history":[{"count":0,"href":"https:\/\/www.europesays.com\/de\/wp-json\/wp\/v2\/posts\/398572\/revisions"}],"wp:featuredmedia":[{"embeddable":true,"href":"https:\/\/www.europesays.com\/de\/wp-json\/wp\/v2\/media\/398573"}],"wp:attachment":[{"href":"https:\/\/www.europesays.com\/de\/wp-json\/wp\/v2\/media?parent=398572"}],"wp:term":[{"taxonomy":"category","embeddable":true,"href":"https:\/\/www.europesays.com\/de\/wp-json\/wp\/v2\/categories?post=398572"},{"taxonomy":"post_tag","embeddable":true,"href":"https:\/\/www.europesays.com\/de\/wp-json\/wp\/v2\/tags?post=398572"}],"curies":[{"name":"wp","href":"https:\/\/api.w.org\/{rel}","templated":true}]}}