{"id":398789,"date":"2025-09-05T12:43:10","date_gmt":"2025-09-05T12:43:10","guid":{"rendered":"https:\/\/www.europesays.com\/de\/398789\/"},"modified":"2025-09-05T12:43:10","modified_gmt":"2025-09-05T12:43:10","slug":"hilbringer-bruecke-in-merzig-wird-monatelang-voll-gesperrt","status":"publish","type":"post","link":"https:\/\/www.europesays.com\/de\/398789\/","title":{"rendered":"Hilbringer Br\u00fccke in Merzig wird monatelang voll gesperrt"},"content":{"rendered":"<p class=\"richtext text-em-55 !leading-serif mx-6 desktop:mx-0\">Die Hilbringer Br\u00fccke in Merzig wird 2026 f\u00fcr mindestens ein halbes Jahr komplett gesperrt. Dar\u00fcber hat Oberb\u00fcrgermeister Marcus Hoffeld am Donnerstagabend in der Sitzung des Merziger Stadtrates informiert. Als Grund f\u00fcr die Sperrung nannte er, dass der Landesbetrieb f\u00fcr Stra\u00dfenbau (LfS) die Br\u00fccke zwischen Merzig und Hilbringen grundlegend instandsetzen will, um auch zuk\u00fcnftig die Sicherheit und Funktionsf\u00e4higkeit zu gew\u00e4hrleisten.<\/p>\n","protected":false},"excerpt":{"rendered":"Die Hilbringer Br\u00fccke in Merzig wird 2026 f\u00fcr mindestens ein halbes Jahr komplett gesperrt. Dar\u00fcber hat Oberb\u00fcrgermeister Marcus&hellip;\n","protected":false},"author":2,"featured_media":398790,"comment_status":"","ping_status":"","sticky":false,"template":"","format":"standard","meta":{"footnotes":""},"categories":[2],"tags":[29,30,13,14,15,12,10,8,9,11],"class_list":{"0":"post-398789","1":"post","2":"type-post","3":"status-publish","4":"format-standard","5":"has-post-thumbnail","7":"category-deutschland","8":"tag-deutschland","9":"tag-germany","10":"tag-headlines","11":"tag-nachrichten","12":"tag-news","13":"tag-schlagzeilen","14":"tag-top-news","15":"tag-top-meldungen","16":"tag-topmeldungen","17":"tag-topnews"},"share_on_mastodon":{"url":"https:\/\/pubeurope.com\/@de\/115151752671075063","error":""},"_links":{"self":[{"href":"https:\/\/www.europesays.com\/de\/wp-json\/wp\/v2\/posts\/398789","targetHints":{"allow":["GET"]}}],"collection":[{"href":"https:\/\/www.europesays.com\/de\/wp-json\/wp\/v2\/posts"}],"about":[{"href":"https:\/\/www.europesays.com\/de\/wp-json\/wp\/v2\/types\/post"}],"author":[{"embeddable":true,"href":"https:\/\/www.europesays.com\/de\/wp-json\/wp\/v2\/users\/2"}],"replies":[{"embeddable":true,"href":"https:\/\/www.europesays.com\/de\/wp-json\/wp\/v2\/comments?post=398789"}],"version-history":[{"count":0,"href":"https:\/\/www.europesays.com\/de\/wp-json\/wp\/v2\/posts\/398789\/revisions"}],"wp:featuredmedia":[{"embeddable":true,"href":"https:\/\/www.europesays.com\/de\/wp-json\/wp\/v2\/media\/398790"}],"wp:attachment":[{"href":"https:\/\/www.europesays.com\/de\/wp-json\/wp\/v2\/media?parent=398789"}],"wp:term":[{"taxonomy":"category","embeddable":true,"href":"https:\/\/www.europesays.com\/de\/wp-json\/wp\/v2\/categories?post=398789"},{"taxonomy":"post_tag","embeddable":true,"href":"https:\/\/www.europesays.com\/de\/wp-json\/wp\/v2\/tags?post=398789"}],"curies":[{"name":"wp","href":"https:\/\/api.w.org\/{rel}","templated":true}]}}