{"id":399126,"date":"2025-09-05T15:43:17","date_gmt":"2025-09-05T15:43:17","guid":{"rendered":"https:\/\/www.europesays.com\/de\/399126\/"},"modified":"2025-09-05T15:43:17","modified_gmt":"2025-09-05T15:43:17","slug":"sicherheitstag-in-bochum-radio-bochum","status":"publish","type":"post","link":"https:\/\/www.europesays.com\/de\/399126\/","title":{"rendered":"Sicherheitstag in Bochum &#8211; Radio Bochum"},"content":{"rendered":"<p class=\"small date article__date\">Ver\u00f6ffentlicht:\u00a0Freitag, 05.09.2025 17:10<\/p>\n<p>Auf dem Boulevard in der Innenstadt findet am Samstag (06.09.) der Bochumer Sicherheitstag statt.\u00a0<\/p>\n<p><img decoding=\"async\" alt=\"\" src=\"https:\/\/www.europesays.com\/de\/wp-content\/uploads\/2025\/09\/file773xpkfpjarieln01q78.jpg&#038;crop=0x0x600x375&#038;resize=600x375&#038;dt=202509050729130.jpeg\" data-size=\"600x375\"\/>\u00a9 Uwe M\u00f6ller \/ FUNKE Foto ServicesMitmachen bei rund 15 Organisationen<\/p>\n<p>Zwischen 10 und 17 Uhr zeigen am Samstag (06.09.) auf dem Boulevard in der Innenstadt mehrere Organisationen und Einsatzkr\u00e4fte ihre Arbeit. Beim Bochumer Sicherheitstag wird euch gezeigt, wie ihr euch im Notfall richtig verhaltet und welche Rolle Ehrenamtliche im Bev\u00f6lkerungsschutz spielen. Daf\u00fcr gibt es komplett kostenlos viele Mitmachangebote, durch die ihr lernen k\u00f6nnt. Von rund 15 Organisationen wie beispielsweise dem Deutschen Roten Kreuz, der Bundespolizei und dem Technischen Hilfswerk k\u00f6nnt ihr Einblicke in ihre Aufgabenbereiche bekommen.<\/p>\n<p>Umleitungen und Haltestellenver\u00e4nderungen der BOGESTRA<\/p>\n<p>Die Veranstaltung hat Auswirkungen auf die Busse der BOGESTRA. Die Linien 336, 345, 353, 355, 365 und 368 werden den ganzen Samstag bis 20 Uhr umgeleitet. Die Haltestelle Bongardstra\u00dfe kann von all diesen Linien nicht angefahren werden.\u00a0Alle weiteren Infos zu eurer Reise k\u00f6nnt ihr in der Mutti-App von der BOGESTRA finden.<\/p>\n","protected":false},"excerpt":{"rendered":"Ver\u00f6ffentlicht:\u00a0Freitag, 05.09.2025 17:10 Auf dem Boulevard in der Innenstadt findet am Samstag (06.09.) der Bochumer Sicherheitstag statt.\u00a0 \u00a9&hellip;\n","protected":false},"author":2,"featured_media":399127,"comment_status":"","ping_status":"","sticky":false,"template":"","format":"standard","meta":{"footnotes":""},"categories":[1839],"tags":[20997,100081,7507,3364,29,985,30,1209,121,3931],"class_list":{"0":"post-399126","1":"post","2":"type-post","3":"status-publish","4":"format-standard","5":"has-post-thumbnail","7":"category-bochum","8":"tag-bogestra","9":"tag-technischeshilfswerk","10":"tag-bochum","11":"tag-de","12":"tag-deutschland","13":"tag-feuerwehr","14":"tag-germany","15":"tag-nordrhein-westfalen","16":"tag-polizei","17":"tag-sicherheit"},"share_on_mastodon":{"url":"https:\/\/pubeurope.com\/@de\/115152460714754099","error":""},"_links":{"self":[{"href":"https:\/\/www.europesays.com\/de\/wp-json\/wp\/v2\/posts\/399126","targetHints":{"allow":["GET"]}}],"collection":[{"href":"https:\/\/www.europesays.com\/de\/wp-json\/wp\/v2\/posts"}],"about":[{"href":"https:\/\/www.europesays.com\/de\/wp-json\/wp\/v2\/types\/post"}],"author":[{"embeddable":true,"href":"https:\/\/www.europesays.com\/de\/wp-json\/wp\/v2\/users\/2"}],"replies":[{"embeddable":true,"href":"https:\/\/www.europesays.com\/de\/wp-json\/wp\/v2\/comments?post=399126"}],"version-history":[{"count":0,"href":"https:\/\/www.europesays.com\/de\/wp-json\/wp\/v2\/posts\/399126\/revisions"}],"wp:featuredmedia":[{"embeddable":true,"href":"https:\/\/www.europesays.com\/de\/wp-json\/wp\/v2\/media\/399127"}],"wp:attachment":[{"href":"https:\/\/www.europesays.com\/de\/wp-json\/wp\/v2\/media?parent=399126"}],"wp:term":[{"taxonomy":"category","embeddable":true,"href":"https:\/\/www.europesays.com\/de\/wp-json\/wp\/v2\/categories?post=399126"},{"taxonomy":"post_tag","embeddable":true,"href":"https:\/\/www.europesays.com\/de\/wp-json\/wp\/v2\/tags?post=399126"}],"curies":[{"name":"wp","href":"https:\/\/api.w.org\/{rel}","templated":true}]}}