{"id":399390,"date":"2025-09-05T18:02:12","date_gmt":"2025-09-05T18:02:12","guid":{"rendered":"https:\/\/www.europesays.com\/de\/399390\/"},"modified":"2025-09-05T18:02:12","modified_gmt":"2025-09-05T18:02:12","slug":"alkoholverbot-verunsichert-gastronomen-immer-mehr","status":"publish","type":"post","link":"https:\/\/www.europesays.com\/de\/399390\/","title":{"rendered":"Alkoholverbot verunsichert Gastronomen immer mehr"},"content":{"rendered":"<p><img decoding=\"async\" src=\"https:\/\/www.europesays.com\/de\/wp-content\/uploads\/2025\/09\/1048632871023932.webp\" fetchpriority=\"high\" width=\"2000\" height=\"1346\" alt=\"ARCHIV - 19.07.2025, Spanien, Palma: Die \u00f6rtliche Polizei f\u00e4hrt in einer Sommernacht neben dem Bierkonig in der Schinkenstra\u00dfe am Strand von Arenal auf Mallorca vorbei. (zu dpa: \u00abPolizei: Ballermann s ...\" data-image-id=\"1048632871023932\" class=\"watson-snippet__image bg-grey-10 block h-auto w-full \"\/><\/p>\n<p>In Teilen der Balearen, etwa in Palma, gilt seit einem Jahr ein strikteres Alkoholverbot.Bild: dpa \/ Clara Margais<\/p>\n<p>Urlaub &amp; Freizeit<\/p>\n<p>\u00dcber ein Jahr ist es her, dass die Balearen-Regierung von Saufgelagen, Eskalationen und unn\u00f6tigem L\u00e4rm f\u00fcr die Bewohner:innen genug hatte. Seitdem gibt es per Gesetz in besonders lebhaften Gegenden h\u00e4rtere Alkoholregeln. Nun kann ein erstes Fazit gezogen werden.<\/p>\n<p>05.09.2025, 19:1105.09.2025, 19:12<\/p>\n<p><img decoding=\"async\" src=\"https:\/\/www.europesays.com\/de\/wp-content\/uploads\/2025\/08\/2187210476319572.webp\" alt=\"Dariusch Rimkus\" width=\"50\" height=\"50\" loading=\"lazy\" class=\"h-auto w-14 rounded-full\"\/><\/p>\n<p>Folgen<\/p>\n<p class=\"watson-snippet__text my-6 text-[16px] lg:text-[18px] leading-normal md:w-3\/5\">Sommer, Sonne, Saufgelage \u2013 die Balearen sind seit Jahrzehnten Sehnsuchtsziel und Hauptanlaufstelle f\u00fcr europ\u00e4ische Urlauber:innen, die neben Entspannung auch Party suchen. F\u00fcr die einen scheint der Sommer auf der Pendelroute zwischen dem t\u00fcrkisblauen Wasser und den Clubs niemals zu enden. <\/p>\n<p class=\"watson-snippet__text my-6 text-[16px] lg:text-[18px] leading-normal md:w-3\/5\">Doch wo f\u00fcr die einen der Traumurlaub beginnt, wird es f\u00fcr die Anwohner:innen oft zum Albtraum. Alkohol- und Partyexzesse hinterlassen Spuren: M\u00fcllberge am Strand, laute N\u00e4chte und ein Alltag, der f\u00fcr viele Einheimische teils unertr\u00e4glich ist. W\u00e4hrend Tourist:innen die Freiheit feiern, k\u00e4mpfen die Inselbewohner:innen seit Jahren mit den Schattenseiten des Massentourismus. <\/p>\n<p class=\"watson-snippet__text my-6 text-[16px] lg:text-[18px] leading-normal md:w-3\/5\"><b>Damit sollte durch ein neues Gesetz vom Mai 2024, das den Alkoholkonsum in Balearen-Hotspots wie am Ballermann deutlich einschr\u00e4nkt, endg\u00fcltig Schluss sein.<\/b><\/p>\n<p class=\"watson-snippet__text my-6 text-[16px] lg:text-[18px] leading-normal md:w-3\/5\">Und die Effekte k\u00f6nnen sich Beh\u00f6rden zufolge nach einem Jahr sehen lassen \u2013 dennoch gibt es Kritik.<\/p>\n<p>Urlaub auf Mallorca: Weniger L\u00e4rm und Unf\u00e4lle seit Alkoholgesetz<\/p>\n<p class=\"watson-snippet__text my-6 text-[16px] lg:text-[18px] leading-normal md:w-3\/5\">Magaluf, Palma, El Arenal, Llucmajor und Calvi\u00e0 auf Mallorca, zudem Sant Antoni auf Ibiza: Sie alle sind Hochburgen des balearischen Partytourismus und Orte, an denen sich Widerstand der Anwohner:innen gegen die G\u00e4ste regte \u2013 und an denen dementsprechend die strengeren Alkoholregeln eingef\u00fchrt wurden.<\/p>\n<p class=\"watson-snippet__text my-6 text-[16px] lg:text-[18px] leading-normal md:w-3\/5\"><b>Das Trinken auf \u00f6ffentlichen Stra\u00dfen wurde in diesen sogenannten &#8222;Zonen mit \u00fcberm\u00e4\u00dfigem Tourismus&#8220; verboten. Bei Verst\u00f6\u00dfen wurden Geldstrafen von bis zu 3000 Euro eingef\u00fchrt.<\/b> Kontrolliert wird dies seitdem mit einer deutlich erh\u00f6hten Polizeipr\u00e4senz. Die Beamt:innen stellen gegebenenfalls Bu\u00dfgeldbescheide aus, die im weiteren Verlauf laut dem &#8222;<a target=\"_blank\" rel=\"nofollow noopener\" href=\"https:\/\/www.theguardian.com\/commentisfree\/2025\/sep\/03\/balearic-islands-sun-sex-alcohol-tourist-industry-europe\">Guardian<\/a>&#8220; auch an Konsulate weitergeleitet werden sollen.<\/p>\n<p class=\"watson-snippet__text my-6 text-[16px] lg:text-[18px] leading-normal md:w-3\/5\">Zudem wurde der Verkauf von Alkohol im Einzelhandel nach 21:30 Uhr eingeschr\u00e4nkt, All-inclusive-Hotels hingegen durften ebenfalls nur noch sechs Getr\u00e4nke pro Gast und Tag ausschenken und Partyboote wurden weiter vor die K\u00fcste verbannt. <\/p>\n<p class=\"watson-snippet__text my-6 text-[16px] lg:text-[18px] leading-normal md:w-3\/5\">Den lokalen Beh\u00f6rden zufolge sollen sich die Regeln laut &#8222;Guardian&#8220; positiv ausgewirkt haben. Viele Anwohner:innen w\u00fcrden der britischen Zeitung zufolge zufrieden mit den ruhigeren Sommern\u00e4chten sein. <b>Manche von ihnen w\u00fcrden gar angeben, sie h\u00e4tten den ersten Sommer mit ungest\u00f6rtem Schlaf und ohne betrunkenes Gejohle erlebt.<\/b><\/p>\n<p>Balearen-Tourismus: Wirtschaft kritisiert Alkoholverbot<\/p>\n<p class=\"watson-snippet__text my-6 text-[16px] lg:text-[18px] leading-normal md:w-3\/5\">Ein weiteres Plus k\u00f6nnte zudem die Unfallstatistik sein: Die aktuelle Regel\u00e4nderung kann laut dem &#8222;<a target=\"_blank\" rel=\"nofollow noopener\" href=\"https:\/\/www.theguardian.com\/commentisfree\/2025\/sep\/03\/balearic-islands-sun-sex-alcohol-tourist-industry-europe\">Guardian<\/a>&#8220; zwar bisher nicht erfasst werden, <b>seit 2018 habe die Anzahl an schweren Unf\u00e4llen in Magaluf und Sant Antoni infolge strengerer Ma\u00dfnahmen gegen Partyexzesse jedoch um 90 Prozent beziehungsweise 87,5 Prozent abgenommen.<\/b><\/p>\n<p class=\"watson-snippet__text my-6 text-[16px] lg:text-[18px] leading-normal md:w-3\/5\">Dennoch gibt es nat\u00fcrlich auch eine Kehrseite der strengeren Gangart. Demnach w\u00fcrde vor allem die am Nachtleben beteiligte Wirtschaft alarmiert vom Alkoholverbot sein.<\/p>\n<p class=\"watson-snippet__text my-6 text-[16px] lg:text-[18px] leading-normal md:w-3\/5\">Insbesondere kleine Bars und Einzelhandelsl\u00e4den beschweren sich demnach, dass ihnen unfair geschadet werde. Sie w\u00fcrden davor warnen, dass Einschr\u00e4nkungen des Alkoholkonsums in gro\u00dfen Mengen zu einem R\u00fcckgang der Besucherzahlen und zur Gef\u00e4hrdung von Arbeitspl\u00e4tzen f\u00fchre.<\/p>\n<p class=\"watson-snippet__text my-6 text-[16px] lg:text-[18px] leading-normal md:w-3\/5\"><b>F\u00fcr die Zukunft f\u00fcrchten sie, dass Partytourismus in die Illegalit\u00e4t verdr\u00e4ngt werde, in Unterk\u00fcnfte oder unregulierte Veranstaltungsorte.<\/b> Hotelgruppen w\u00fcrden die Politik bei den neuen Ma\u00dfnahmen zwar unterst\u00fctzen, jedoch ebenfalls eine klarere Kommunikation gegen\u00fcber den Besucher:innen fordern, etwa durch verbesserte Beschilderung. <\/p>\n<p class=\"watson-snippet__text my-6 text-[16px] lg:text-[18px] leading-normal md:w-3\/5\">&#8222;Die G\u00e4ste kennen die Regeln oft nicht, bevor sie ankommen&#8220;, erkl\u00e4rt demnach etwa Gabriel Llobera, Vizepr\u00e4sident des mallorquinischen Wirtschaftsverbands.<\/p>\n<p><a href=\"https:\/\/www.watson.de\/leben\/stars\/201378691-mode-2025-bh-traeger-sind-das-neue-power-symbol-fuer-frauen\" aria-label=\"Zur Story\" class=\"watson-next-story__link absolute inset-0 z-10\" rel=\"nofollow noopener\" target=\"_blank\"><\/p>\n<p>Kaum ein Kleidungsst\u00fcck polarisiert so sehr wie der BH. Symbol der patriarchalen Unterdr\u00fcckung f\u00fcr die einen, Ausdruck von weiblicher Selbstbestimmung f\u00fcr die anderen. Jetzt erlebt er ein Comeback, mit \u00fcberraschendem Twist.<\/p>\n<p>Eigentlich galt in der Modewelt lange eine eiserne Regel: Wer schulterfrei tr\u00e4gt, darf niemals (!!!) einen klassischen BH tragen. Denn sichtbare Tr\u00e4ger galten als modisches No-Go, ja ein Fauxpas, den wirklich Stilsichere zu vermeiden wussten.<\/p>\n","protected":false},"excerpt":{"rendered":"In Teilen der Balearen, etwa in Palma, gilt seit einem Jahr ein strikteres Alkoholverbot.Bild: dpa \/ Clara Margais&hellip;\n","protected":false},"author":2,"featured_media":399391,"comment_status":"","ping_status":"","sticky":false,"template":"","format":"standard","meta":{"footnotes":""},"categories":[3],"tags":[13,14,15,12,10,8,9,11,103,104],"class_list":{"0":"post-399390","1":"post","2":"type-post","3":"status-publish","4":"format-standard","5":"has-post-thumbnail","7":"category-welt","8":"tag-headlines","9":"tag-nachrichten","10":"tag-news","11":"tag-schlagzeilen","12":"tag-top-news","13":"tag-top-meldungen","14":"tag-topmeldungen","15":"tag-topnews","16":"tag-welt","17":"tag-world"},"share_on_mastodon":{"url":"https:\/\/pubeurope.com\/@de\/115153007102213900","error":""},"_links":{"self":[{"href":"https:\/\/www.europesays.com\/de\/wp-json\/wp\/v2\/posts\/399390","targetHints":{"allow":["GET"]}}],"collection":[{"href":"https:\/\/www.europesays.com\/de\/wp-json\/wp\/v2\/posts"}],"about":[{"href":"https:\/\/www.europesays.com\/de\/wp-json\/wp\/v2\/types\/post"}],"author":[{"embeddable":true,"href":"https:\/\/www.europesays.com\/de\/wp-json\/wp\/v2\/users\/2"}],"replies":[{"embeddable":true,"href":"https:\/\/www.europesays.com\/de\/wp-json\/wp\/v2\/comments?post=399390"}],"version-history":[{"count":0,"href":"https:\/\/www.europesays.com\/de\/wp-json\/wp\/v2\/posts\/399390\/revisions"}],"wp:featuredmedia":[{"embeddable":true,"href":"https:\/\/www.europesays.com\/de\/wp-json\/wp\/v2\/media\/399391"}],"wp:attachment":[{"href":"https:\/\/www.europesays.com\/de\/wp-json\/wp\/v2\/media?parent=399390"}],"wp:term":[{"taxonomy":"category","embeddable":true,"href":"https:\/\/www.europesays.com\/de\/wp-json\/wp\/v2\/categories?post=399390"},{"taxonomy":"post_tag","embeddable":true,"href":"https:\/\/www.europesays.com\/de\/wp-json\/wp\/v2\/tags?post=399390"}],"curies":[{"name":"wp","href":"https:\/\/api.w.org\/{rel}","templated":true}]}}