{"id":399428,"date":"2025-09-05T18:22:18","date_gmt":"2025-09-05T18:22:18","guid":{"rendered":"https:\/\/www.europesays.com\/de\/399428\/"},"modified":"2025-09-05T18:22:18","modified_gmt":"2025-09-05T18:22:18","slug":"deutsche-fernsehlotterie-hauptgewinn-fuer-caritas-wuppertal","status":"publish","type":"post","link":"https:\/\/www.europesays.com\/de\/399428\/","title":{"rendered":"Deutsche Fernsehlotterie: Hauptgewinn f\u00fcr Caritas Wuppertal"},"content":{"rendered":"<p class=\"text_ohne_einzug richtext text-em-55 !leading-serif mx-6 desktop:mx-0\">Stephan Masch, Repr\u00e4sentant der Deutschen Fernsehlotterie, wird nahezu \u00fcberall mit Freude begr\u00fc\u00dft. Und das galt am vergangenen Freitagmittag in besonderem Ma\u00dfe, als er im Haus des Caritasverbandes Wuppertal\/Solingen am Laurentiusplatz zu Gast war. Er hatte n\u00e4mlich einen symbolischen Scheck \u00fcber die stattliche Summe von 240\u2005000 Euro im Gep\u00e4ck, mit deren Hilfe das neue Angebot des Tr\u00e4gers \u201eEinsam \u2013 gemeinsam. Zusammen durch die Trauer\u201c verwirklicht werden soll. \u201eDas insgesamt 300\u2005000 Euro teure Projekt, zu dem auch die Caritasstiftung im Erzbistum K\u00f6ln weitere 20\u2005000 Euro beitr\u00e4gt, wird auch durch Spenden erg\u00e4nzt\u201c hei\u00dft es seitens des Caritasverbandes Wuppertal\/Solingen: \u201eUnd er kann damit in den n\u00e4chsten drei Jahren seine Trauerarbeit fokussieren und weiter ausbauen\u201c, stellt Caritas-Vorstand Christoph Humburg voller Freude fest.<\/p>\n","protected":false},"excerpt":{"rendered":"Stephan Masch, Repr\u00e4sentant der Deutschen Fernsehlotterie, wird nahezu \u00fcberall mit Freude begr\u00fc\u00dft. Und das galt am vergangenen Freitagmittag&hellip;\n","protected":false},"author":2,"featured_media":399429,"comment_status":"","ping_status":"","sticky":false,"template":"","format":"standard","meta":{"footnotes":"","_share_on_mastodon":"0"},"categories":[1840],"tags":[106580,2529,18041,3364,29,106583,30,106582,1209,7223,3747,39146,4448,106581,106584,20686,106585,4418],"class_list":["post-399428","post","type-post","status-publish","format-standard","has-post-thumbnail","category-wuppertal","tag-240ae000","tag-caritas","tag-caritasverband","tag-de","tag-deutschland","tag-fernsehlotterie","tag-germany","tag-masch","tag-nordrhein-westfalen","tag-solingen","tag-stephan","tag-thema","tag-trauer","tag-trauerarbeit","tag-trauerbegleitung","tag-trauernde","tag-trauerreaktionen","tag-wuppertal"],"share_on_mastodon":{"url":"https:\/\/pubeurope.com\/@de\/115153085787060557","error":""},"_links":{"self":[{"href":"https:\/\/www.europesays.com\/de\/wp-json\/wp\/v2\/posts\/399428","targetHints":{"allow":["GET"]}}],"collection":[{"href":"https:\/\/www.europesays.com\/de\/wp-json\/wp\/v2\/posts"}],"about":[{"href":"https:\/\/www.europesays.com\/de\/wp-json\/wp\/v2\/types\/post"}],"author":[{"embeddable":true,"href":"https:\/\/www.europesays.com\/de\/wp-json\/wp\/v2\/users\/2"}],"replies":[{"embeddable":true,"href":"https:\/\/www.europesays.com\/de\/wp-json\/wp\/v2\/comments?post=399428"}],"version-history":[{"count":0,"href":"https:\/\/www.europesays.com\/de\/wp-json\/wp\/v2\/posts\/399428\/revisions"}],"wp:featuredmedia":[{"embeddable":true,"href":"https:\/\/www.europesays.com\/de\/wp-json\/wp\/v2\/media\/399429"}],"wp:attachment":[{"href":"https:\/\/www.europesays.com\/de\/wp-json\/wp\/v2\/media?parent=399428"}],"wp:term":[{"taxonomy":"category","embeddable":true,"href":"https:\/\/www.europesays.com\/de\/wp-json\/wp\/v2\/categories?post=399428"},{"taxonomy":"post_tag","embeddable":true,"href":"https:\/\/www.europesays.com\/de\/wp-json\/wp\/v2\/tags?post=399428"}],"curies":[{"name":"wp","href":"https:\/\/api.w.org\/{rel}","templated":true}]}}