{"id":399517,"date":"2025-09-05T19:11:11","date_gmt":"2025-09-05T19:11:11","guid":{"rendered":"https:\/\/www.europesays.com\/de\/399517\/"},"modified":"2025-09-05T19:11:11","modified_gmt":"2025-09-05T19:11:11","slug":"fussgaenger-demonstrieren-in-berlin-gegen-bauabschnitt-der-stadtautobahn","status":"publish","type":"post","link":"https:\/\/www.europesays.com\/de\/399517\/","title":{"rendered":"Fu\u00dfg\u00e4nger demonstrieren in Berlin gegen Bauabschnitt der Stadtautobahn"},"content":{"rendered":"<p class=\"tspAShw tspAShx\">Wenige Tage nach der <a href=\"https:\/\/www.tagesspiegel.de\/berlin\/wartende-autos-buh-rufe-und-gelber-rauch-so-lief-der-eroffnungstag-des-neuen-berliner-a100-abschnitts-14237027.html?icid=in-text-link_14285456\" class=\"link link--internal\" data-gtm-class=\"article-text-link\" data-gtm-val=\"internal\" rel=\"nofollow noopener\" target=\"_blank\">Er\u00f6ffnung des neuen Abschnitts der A100<\/a> haben mehrere Hundert Menschen gegen das Verkehrschaos demonstriert. Die Polizei sprach am fr\u00fchen Freitagabend auf der Plattform X von \u201ebis zu 200 Teilnehmenden\u201c. \u201eSt\u00e4dte f\u00fcr Menschen statt Autos\u201c war etwa auf einem Transparent zu lesen. Andere forderten \u201eVerkehrswende jetzt\u201c.\u00a0<\/p>\n<p class=\"tspUez\">Empfohlener redaktioneller Inhalt<\/p>\n<p> An dieser Stelle finden Sie einen von unseren Redakteuren ausgew\u00e4hlten, externen Inhalt, der den Artikel f\u00fcr Sie mit zus\u00e4tzlichen Informationen anreichert. Sie k\u00f6nnen sich hier den externen Inhalt mit einem Klick anzeigen lassen oder wieder ausblenden. <\/p>\n<p> Externen Inhalt anzeigen <\/p>\n<p class=\"tspUe5\"> Ich bin damit einverstanden, dass mir der externe Inhalt angezeigt wird. Damit k\u00f6nnen personenbezogene Daten an Drittplattformen \u00fcbermittelt werden.  Mehr Informationen dazu erhalten Sie in den Datenschutz-Einstellungen. Diese finden Sie ganz unten auf unserer Seite im Footer, sodass Sie Ihre Einstellungen jederzeit verwalten oder widerrufen k\u00f6nnen. <\/p>\n<p class=\"tspAShw\">Nach der Er\u00f6ffnung des neuen St\u00fccks der Stadtautobahn kam es rund um die Anschlussstelle in Berlin-Treptow zu langen Staus, dichtem Verkehr und un\u00fcbersichtlichen Situationen \u2013 insbesondere f\u00fcr Fu\u00dfg\u00e4nger.<\/p>\n<p><a href=\"https:\/\/www.tagesspiegel.de\/interaktiv\/erste-datenanalyse-zur-a100-wie-schlimm-ist-der-stau-an-berlins-neuer-autobahn-abfahrt-wirklich-14266448.html?icid=single-topic_14285456___\" data-gtm-class=\"article-mzt-link\" class=\"tspCAmo\" rel=\"nofollow noopener\" target=\"_blank\">Erste Datenanalyse zur A100 Wie schlimm ist der Stau an Berlins neuer Autobahn-Abfahrt wirklich? <\/a><\/p>\n<p class=\"tspAShw\">Ein B\u00fcndnis aus mehreren Verb\u00e4nden und Initiativen hatte zu der Fu\u00dfg\u00e4ngerdemo an der Autobahnabfahrt aufgerufen. Beteiligt waren unter anderem die Vereine Changing Cities, der Fu\u00dfg\u00e4ngerverband FUSS sowie der ADFC Treptow-K\u00f6penick.\u00a0<\/p>\n<p> Mehr zur A100-Verl\u00e4ngerung: <a href=\"https:\/\/www.tagesspiegel.de\/berlin\/verzogerung-auf-der-baustelle-bleibt-die-elsenbrucke-an-der-berliner-a100-noch-langer-ein-nadelohr-14281952.html?icid=topic-list_14285456___\" data-gtm-class=\"article-mzt-link\" class=\"tspCAmo\" rel=\"nofollow noopener\" target=\"_blank\">Verz\u00f6gerung auf der Baustelle Bleibt die Elsenbr\u00fccke an der Berliner A100 noch l\u00e4nger ein Nadel\u00f6hr? <\/a><a href=\"https:\/\/www.tagesspiegel.de\/berlin\/andernfalls-bricht-sich-dieses-chaos-weiter-bahn-berliner-spd-politiker-fordert-sperrung-von-neuem-a100-abschnitt-14271401.html?icid=topic-list_14285456___\" data-gtm-class=\"article-mzt-link\" class=\"tspCAmo\" rel=\"nofollow noopener\" target=\"_blank\">\u201eAndernfalls bricht sich dieses Chaos weiter Bahn\u201c  Berliner SPD-Politiker fordert Sperrung von neuem A100-Abschnitt <\/a><a href=\"https:\/\/www.tagesspiegel.de\/berlin\/bezirke\/friedrichshain-kreuzberg\/stau-an-der-oberbaumbrucke-durch-neue-a100-kreuzberger-kieze-jetzt-noch-voller-14267750.html?icid=topic-list_14285456___\" data-gtm-class=\"article-mzt-link\" class=\"tspCAmo\" rel=\"nofollow noopener\" target=\"_blank\">Stau an der Oberbaumbr\u00fccke durch neue A100 Kreuzberger Kieze jetzt noch voller <\/a><\/p>\n<p class=\"tspAShw\">Der 16. Bauabschnitt der A100 war vergangene Woche Donnerstag er\u00f6ffnet worden. Er f\u00fchrt vom Dreieck Neuk\u00f6lln bis zur Anschlussstelle Treptow. Wegen Bauarbeiten an der dort anschlie\u00dfenden Elsenbr\u00fccke \u2013 einem Verkehrs-Nadel\u00f6hr \u2013 war die Verkehrssituation in dem Bereich schon vor der Inbetriebnahme angespannt. (Tsp\/dpa)<\/p>\n","protected":false},"excerpt":{"rendered":"Wenige Tage nach der Er\u00f6ffnung des neuen Abschnitts der A100 haben mehrere Hundert Menschen gegen das Verkehrschaos demonstriert.&hellip;\n","protected":false},"author":2,"featured_media":399518,"comment_status":"","ping_status":"","sticky":false,"template":"","format":"standard","meta":{"footnotes":""},"categories":[1825],"tags":[599,5543,296,29,94201,527,30,526,524,5917,601,1888],"class_list":{"0":"post-399517","1":"post","2":"type-post","3":"status-publish","4":"format-standard","5":"has-post-thumbnail","7":"category-berlin","8":"tag-a100","9":"tag-autobahn","10":"tag-berlin","11":"tag-deutschland","12":"tag-fahrrad-und-verkehr-in-berlin","13":"tag-friedrichshain-kreuzberg","14":"tag-germany","15":"tag-neukoelln","16":"tag-strasse","17":"tag-treptow-koepenick","18":"tag-verkehr","19":"tag-verkehrspolitik"},"share_on_mastodon":{"url":"https:\/\/pubeurope.com\/@de\/115153278378849364","error":""},"_links":{"self":[{"href":"https:\/\/www.europesays.com\/de\/wp-json\/wp\/v2\/posts\/399517","targetHints":{"allow":["GET"]}}],"collection":[{"href":"https:\/\/www.europesays.com\/de\/wp-json\/wp\/v2\/posts"}],"about":[{"href":"https:\/\/www.europesays.com\/de\/wp-json\/wp\/v2\/types\/post"}],"author":[{"embeddable":true,"href":"https:\/\/www.europesays.com\/de\/wp-json\/wp\/v2\/users\/2"}],"replies":[{"embeddable":true,"href":"https:\/\/www.europesays.com\/de\/wp-json\/wp\/v2\/comments?post=399517"}],"version-history":[{"count":0,"href":"https:\/\/www.europesays.com\/de\/wp-json\/wp\/v2\/posts\/399517\/revisions"}],"wp:featuredmedia":[{"embeddable":true,"href":"https:\/\/www.europesays.com\/de\/wp-json\/wp\/v2\/media\/399518"}],"wp:attachment":[{"href":"https:\/\/www.europesays.com\/de\/wp-json\/wp\/v2\/media?parent=399517"}],"wp:term":[{"taxonomy":"category","embeddable":true,"href":"https:\/\/www.europesays.com\/de\/wp-json\/wp\/v2\/categories?post=399517"},{"taxonomy":"post_tag","embeddable":true,"href":"https:\/\/www.europesays.com\/de\/wp-json\/wp\/v2\/tags?post=399517"}],"curies":[{"name":"wp","href":"https:\/\/api.w.org\/{rel}","templated":true}]}}