{"id":399586,"date":"2025-09-05T19:49:10","date_gmt":"2025-09-05T19:49:10","guid":{"rendered":"https:\/\/www.europesays.com\/de\/399586\/"},"modified":"2025-09-05T19:49:10","modified_gmt":"2025-09-05T19:49:10","slug":"premier-starmer-stellt-kabinett-neu-auf-diepresse-com","status":"publish","type":"post","link":"https:\/\/www.europesays.com\/de\/399586\/","title":{"rendered":"Premier Starmer stellt Kabinett neu auf \u2013 DiePresse.com"},"content":{"rendered":"<p>Nach dem R\u00fccktritt der britischen Vize-Premierministerin Angela Rayner bildet Regierungschef Keir Starmer sein Kabinett um.<\/p>\n<p>Premier <a href=\"https:\/\/www.diepresse.com\/thema\/keir-starmer?ref=article_a\" data-tracking=\"at-link\" data-tracking-data=\"{\" eventaction=\"\" click=\"\" article=\"\" premier=\"\" starmer=\"\" stellt=\"\" kabinett=\"\" neu=\"\" auf=\"\" rel=\"nofollow noopener\" target=\"_blank\">Keir Starmer<\/a> nimmt nach dem R\u00fccktritt von <a href=\"https:\/\/www.diepresse.com\/thema\/angela-rayner?ref=article_a\" data-tracking=\"at-link\" data-tracking-data=\"{\" eventaction=\"\" click=\"\" article=\"\" premier=\"\" starmer=\"\" stellt=\"\" kabinett=\"\" neu=\"\" auf=\"\" rel=\"nofollow noopener\" target=\"_blank\">Angela Rayner<\/a> eine Kabinettsumbildung vor. An Rayners Stelle r\u00fccke Au\u00dfenminister <a href=\"https:\/\/www.diepresse.com\/thema\/david-lammy?ref=article_a\" data-tracking=\"at-link\" data-tracking-data=\"{\" eventaction=\"\" click=\"\" article=\"\" premier=\"\" starmer=\"\" stellt=\"\" kabinett=\"\" neu=\"\" auf=\"\" rel=\"nofollow noopener\" target=\"_blank\">David Lammy<\/a>, der auch zum neuen Justizminister ernannt wurde. An der Spitze des Au\u00dfenressorts werde Lammy durch Innenministerin <a href=\"https:\/\/www.diepresse.com\/thema\/yvette-cooper?ref=article_a\" data-tracking=\"at-link\" data-tracking-data=\"{\" eventaction=\"\" click=\"\" article=\"\" premier=\"\" starmer=\"\" stellt=\"\" kabinett=\"\" neu=\"\" auf=\"\" rel=\"nofollow noopener\" target=\"_blank\">Yvette Cooper<\/a> ersetzt, teilte das B\u00fcro von Starmer am Freitagabend in einer Erkl\u00e4rung mit.<\/p>\n<p>Neue Innenministerin werde Shabana Mahmood. Zudem gab es weitere \u00c4nderungen, die zusammengenommen die bedeutendste Personalver\u00e4nderung unter Starmer darstellen. Dessen Labour-Party hat mit schlechten Umfragewerten und der aufstrebenden rechtspopulistischen Reform UK zu k\u00e4mpfen.<\/p>\n<p>Lammy, Cooper und Mahmood gelten als loyale und vertrauensw\u00fcrdige Verb\u00fcndete des Premierministers. Die Ernennung Lammys zum Vize-Regierungschef wird jedoch dadurch geschm\u00e4lert, dass er das begehrte Amt des Au\u00dfenministers abgeben muss. Cooper z\u00e4hlt zu den erfahrensten Politikern der Labour-Party und war bereits Ministerin unter dem fr\u00fcheren Premierminister Gordon Brown. Mahmood gilt ebenfalls als \u201esichere Bank\u201c und als pragmatische Politikerin. Ein Labour-Abgeordneter bezeichnete die drei Ernennungen als \u201esolide\u201c, wenn auch nicht \u00fcberm\u00e4\u00dfig aufregend. \u201eAngela ist ein Schwergewicht und schwer zu ersetzen\u201c, sagte er \u00fcber Rayner.<\/p>\n<p>Zu wenig Steuern gezahlt<\/p>\n<p>Ihr Abgang gilt als R\u00fcckschlag f\u00fcr Starmer. Rayner wird vorgeworfen, bei einem Immobiliengesch\u00e4ft 40.000 Pfund (46.173,38 Euro) zu wenig an Steuern bezahlt zu haben. In ihrem R\u00fccktrittsschreiben an Starmer erkl\u00e4rte sie, sie bedauere zutiefst ihre Entscheidung, keinen auf solche Fragen spezialisierten Steuerberater hinzugezogen zu haben. \u201eIch \u00fcbernehme die volle Verantwortung f\u00fcr diesen Fehler\u201c, schrieb sie. Kurz darauf berichteten britische Medien \u00fcber den Umbau des Kabinetts. Demnach wurde auch die Vorsitzende des Unterhauses, Lucy Powell, entlassen. Schottland-Minister Ian Murray habe ebenfalls seinen Hut nehmen m\u00fcssen.<\/p>\n<p>Rayner ist die achte und rangh\u00f6chste Ministerin, die aus Starmers Regierung ausscheidet. Damit hat er zu Beginn seiner Amtszeit au\u00dferhalb von Kabinettsumbildungen mehr Minister verloren als jeder andere Premierminister der vergangenen 50 Jahre.<\/p>\n<p>Jahreskonferenz der Rechtspopulisten<\/p>\n<p>Wegen der \u201eNachricht aus Westminster\u201c zog Brexit-Vork\u00e4mpfer <a href=\"https:\/\/www.diepresse.com\/thema\/nigel-farage?ref=article_a\" data-tracking=\"at-link\" data-tracking-data=\"{\" eventaction=\"\" click=\"\" article=\"\" premier=\"\" starmer=\"\" stellt=\"\" kabinett=\"\" neu=\"\" auf=\"\" rel=\"nofollow noopener\" target=\"_blank\">Nigel Farage<\/a> seine Rede bei der Jahreskonferenz seiner in Umfragen f\u00fchrenden Reform-Partei zeitlich vor. Es sei klar, dass ein Kabinett voller \u201eunqualifizierter Personen\u201c das Land f\u00fchre. Starmers Regierung sei \u201egenauso schlecht, wenn nicht sogar schlechter\u201c als die vorausgegangene der Konservativen.<\/p>\n<p>F\u00fcr Starmers sozialdemokratische Labour-Party ist der R\u00fccktritt Rayners ein massiver R\u00fcckschlag. Sie galt als Galionsfigur des linken Parteifl\u00fcgels und als Hoffnungstr\u00e4gerin einer Partei, die in den Umfragen derzeit schw\u00e4chelt. Starmer hatte die Partei vom linken Rand unter seinem Vorg\u00e4nger <a href=\"https:\/\/www.diepresse.com\/thema\/jeremy-corbyn?ref=article_a\" data-tracking=\"at-link\" data-tracking-data=\"{\" eventaction=\"\" click=\"\" article=\"\" premier=\"\" starmer=\"\" stellt=\"\" kabinett=\"\" neu=\"\" auf=\"\" rel=\"nofollow noopener\" target=\"_blank\">Jeremy Corbyn<\/a> weit in die politische Mitte gef\u00fchrt. Rayner galt als Br\u00fccke zu einem zutiefst misstrauisch gewordenen linken Parteifl\u00fcgel. Die Regierung war auch schon zuvor wegen einer stotternden Wirtschaft, steigender Lebenshaltungskosten und wachsender Unzufriedenheit \u00fcber hohe Einwanderungszahlen unter Druck geraten. Die Rayner-Aff\u00e4re l\u00f6ste ein weiteres Beben aus.<\/p>\n<p>Profiteur der Krise ist Rechtspopulist Farage<\/p>\n<p>Der R\u00fccktritt der Politikerin ausgerechnet am ersten Tag der Konferenz der Partei Reform UK passt ins Bild. Farage lie\u00df sich auf dem Messegel\u00e4nde in Birmingham mehrfach feiern. Sein erster Auftritt auf dem Podium wurde von Pyrotechnik begleitet. Der 61-J\u00e4hrige scheint sich zu gefallen als Mischung aus Rockstar und Politiker, der angeblich alles besser kann.<\/p>\n<p>Der Brexit-Vork\u00e4mpfer treibt die Regierung schon seit Monaten vor sich her. In laut Farage \u201e100 Umfragen\u201c sei Reform zuletzt die st\u00e4rkste Partei gewesen. Im britischen Mehrheitswahlrecht wird die landesweit st\u00e4rkste Partei jedoch nicht zwangsl\u00e4ufig zur st\u00e4rksten Fraktion im Parlament.<\/p>\n<p>\u201eEs passiert\u201c, rief Farage w\u00e4hrend seiner Rede im Hinblick auf den Rayner-R\u00fccktritt seinen Anh\u00e4ngern zu. Der Parteichef spielt mit der Angst der britischen Bev\u00f6lkerung, insbesondere beim Thema Migration. Starmers Regierungskurs hatte er immer wieder scharf kritisiert oder ins L\u00e4cherliche gezogen. Jetzt geht Farage von Neuwahlen bereits 2027 statt 2029 aus. Er sehe eine \u201eSpaltung\u201c innerhalb von Labour, die den Posten hinter Starmer neu besetzen muss.<\/p>\n<p>Zudem gab Farage den \u00dcbertritt der fr\u00fcheren konservativen Kulturministerin Nadine Dorries zu seiner Partei bekannt. Reform verf\u00fcgt derzeit nur \u00fcber vier der 650 Sitze im Parlament, liegt jedoch in Umfragen vor Labour.<\/p>\n<p>Politikerin mit hoher Glaubw\u00fcrdigkeit bei Arbeiterklasse<\/p>\n<p>Rayner war in den vergangenen Tagen erheblich unter Druck geraten. Sie hatte zugegeben, sich bei der Frage nach der H\u00f6he der Grunderwerbssteuer f\u00fcr eine Immobilie auf Rat verlassen zu haben, der sich als falsch herausstellte. Sie hatte selbst um eine Untersuchung gebeten, ob sie damit gegen die Verhaltensstandards f\u00fcr Kabinettsmitglieder versto\u00dfen hatte. Diese kam zum Schluss, dass ein Versto\u00df vorlag.<\/p>\n<p>Rayner gilt als schlagfertige und begabte Politikerin, die keine Auseinandersetzung scheute. Gelegentlich schoss sie \u00fcbers Ziel hinaus, etwa als sie die politischen Gegner von der Tory-Partei als \u201eAbschaum\u201c bezeichnete &#8211; und sich entschuldigen musste.<\/p>\n<p>Als Ministerin war sie unter anderem f\u00fcr die Themen Wohnen und kommunale Angelegenheiten zust\u00e4ndig. Glaubw\u00fcrdigkeit in der britischen Arbeiterpartei verlieh ihr vor allem ihr bescheidener Hintergrund als Teenager-Mutter, die in einer Sozialwohnung aufgewachsen war und sich mit viel Flei\u00df in einer Gewerkschaft nach oben gearbeitet hatte. Auch ihr nordenglischer Dialekt trug zu diesem Ruf bei. Sie ist mit 45 Jahren bereits Gro\u00dfmutter.<\/p>\n<p>Von politischen Gegnern wurde Rayner auch immer wieder zum Ziel sexistischer Vorw\u00fcrfe. So berichtete die Boulevardzeitung \u201eMail on Sunday\u201c einmal, Abgeordnete der Konservativen Partei h\u00e4tten sich dar\u00fcber beschwert, sie habe versucht, den damals noch konservativen Premierminister im Parlament mit ihren Beinen zu irritieren. Die Episode l\u00f6ste eine Debatte \u00fcber Sexismus in der britischen Politik aus. Rayner erhielt viel R\u00fcckendeckung &#8211; auch von Politikerinnen des gegnerischen Lagers. (APA)<\/p>\n<p>    Lesen Sie mehr zu diesen Themen:<\/p>\n","protected":false},"excerpt":{"rendered":"Nach dem R\u00fccktritt der britischen Vize-Premierministerin Angela Rayner bildet Regierungschef Keir Starmer sein Kabinett um. Premier Keir Starmer&hellip;\n","protected":false},"author":2,"featured_media":399587,"comment_status":"","ping_status":"","sticky":false,"template":"","format":"standard","meta":{"footnotes":""},"categories":[3976],"tags":[331,332,13,14,15,139,12,3992,3993,3994,3995,3996,3997],"class_list":{"0":"post-399586","1":"post","2":"type-post","3":"status-publish","4":"format-standard","5":"has-post-thumbnail","7":"category-vereinigtes-koenigreich","8":"tag-aktuelle-nachrichten","9":"tag-aktuelle-news","10":"tag-headlines","11":"tag-nachrichten","12":"tag-news","13":"tag-regierung","14":"tag-schlagzeilen","15":"tag-uk","16":"tag-united-kingdom","17":"tag-united-kingdom-of-great-britain-and-northern-ireland","18":"tag-vereinigtes-koenigreich","19":"tag-vereinigtes-koenigreich-grossbritannien-und-nordirland","20":"tag-vereinigtes-koenigreich-von-grossbritannien-und-nordirland"},"share_on_mastodon":{"url":"https:\/\/pubeurope.com\/@de\/115153427814530840","error":""},"_links":{"self":[{"href":"https:\/\/www.europesays.com\/de\/wp-json\/wp\/v2\/posts\/399586","targetHints":{"allow":["GET"]}}],"collection":[{"href":"https:\/\/www.europesays.com\/de\/wp-json\/wp\/v2\/posts"}],"about":[{"href":"https:\/\/www.europesays.com\/de\/wp-json\/wp\/v2\/types\/post"}],"author":[{"embeddable":true,"href":"https:\/\/www.europesays.com\/de\/wp-json\/wp\/v2\/users\/2"}],"replies":[{"embeddable":true,"href":"https:\/\/www.europesays.com\/de\/wp-json\/wp\/v2\/comments?post=399586"}],"version-history":[{"count":0,"href":"https:\/\/www.europesays.com\/de\/wp-json\/wp\/v2\/posts\/399586\/revisions"}],"wp:featuredmedia":[{"embeddable":true,"href":"https:\/\/www.europesays.com\/de\/wp-json\/wp\/v2\/media\/399587"}],"wp:attachment":[{"href":"https:\/\/www.europesays.com\/de\/wp-json\/wp\/v2\/media?parent=399586"}],"wp:term":[{"taxonomy":"category","embeddable":true,"href":"https:\/\/www.europesays.com\/de\/wp-json\/wp\/v2\/categories?post=399586"},{"taxonomy":"post_tag","embeddable":true,"href":"https:\/\/www.europesays.com\/de\/wp-json\/wp\/v2\/tags?post=399586"}],"curies":[{"name":"wp","href":"https:\/\/api.w.org\/{rel}","templated":true}]}}