{"id":399597,"date":"2025-09-05T19:55:10","date_gmt":"2025-09-05T19:55:10","guid":{"rendered":"https:\/\/www.europesays.com\/de\/399597\/"},"modified":"2025-09-05T19:55:10","modified_gmt":"2025-09-05T19:55:10","slug":"zwei-debuetanten-treffen-neue-u21-aera-gestartet-deutschland-siegt-gegen-albanien","status":"publish","type":"post","link":"https:\/\/www.europesays.com\/de\/399597\/","title":{"rendered":"Zwei Deb\u00fctanten treffen: Neue U21-\u00c4ra gestartet &#8211; Deutschland siegt gegen Albanien"},"content":{"rendered":"<p class=\"metatextline\">Stand: 05.09.2025 20:53 Uhr<\/p>\n<p class=\"textabsatz columns twelve  m-ten  m-offset-one l-eight l-offset-two\">\n        <strong>Die deutsche U21-Nationalmannschaft hat die erste Partie mit dem neuen Jahrgang gewonnen. Die Auswahl von Nationaltrainer Antonio Di Salvo gewann beim ersten Auftritt einer U21 seit dem verlorenen EM-Finale gegen England in Albanien mit 2:0 (0:0).<\/strong>\n    <\/p>\n<p class=\"textabsatz m-ten m-offset-one l-eight l-offset-two columns twelve\">\nIlyas Ansah vom 1. FC Union Berlin (49. Minute) und der Wolfsburger Dzenan Pejcinovic (52.) sorgten kurz nach dem Seitenwechsel f\u00fcr die deutschen Treffer.<\/p>\n<p>    Z\u00f6gerlicher Start des DFB-Teams<\/p>\n<p class=\"textabsatz m-ten m-offset-one l-eight l-offset-two columns twelve\">\nDie f\u00fcnf nach der EM im Sommer im Team verblieben Akteure Nelson Weiper (FSV Mainz), Brajan Gruda (Brighton &amp; Hove Albion), Lukas Ullrich (Borussia M\u00f6nchengladbach), Nicolo Tresoldi (FC Br\u00fcgge) und Elias Baum (Eintracht Frankfurt) standen alle in der Startelf.<\/p>\n<p class=\"textabsatz m-ten m-offset-one l-eight l-offset-two columns twelve\">\nDie restlichen Spieler hatten zuvor noch nie zusammen gespielt und das merkte man der Partie zu Beginn auch an. Nach nur drei Trainingseinheiten musste deutsche Elf erstmal zueinander finden.<strong> <\/strong><\/p>\n<p>    Albanien spielt unangenehm<\/p>\n<p class=\"textabsatz m-ten m-offset-one l-eight l-offset-two columns twelve\">\nNach sieben Minuten geh\u00f6rte der erste Abschluss entsprechend Albanien. Linksfu\u00df Burak Alili zog aus gut 18 Metern ab, aber schoss ein bis zwei Meter \u00fcber das DFB-Tor. Nur zwei Minuten sp\u00e4ter die n\u00e4chste Aktion der Hausherren: Aidon Shehu setzte sich auf der rechten Seite am Sechzehner durch. Der Flachschuss war aber kein Problem f\u00fcr Keeper Dennis Seimen (SC Paderborn).<\/p>\n<p class=\"textabsatz m-ten m-offset-one l-eight l-offset-two columns twelve\">\nAlbanien spielte vorne mutig und verteidigt hinten konsequent. Das deutsche Team tat sich noch schwer, schien auch mit den Rasenverh\u00e4ltnissen in der Elbasan Arena zu hadern.<\/p>\n<p>    DFB-Team dreifach gef\u00e4hrlich<\/p>\n<p class=\"textabsatz m-ten m-offset-one l-eight l-offset-two columns twelve\">\nErst nach einer halben Stunden kam das neu formierte deutsche Team besser in Fahrt. Insbesondere Weiper und Tresoldi bestimmten das deutsche Spiel zu diesem Zeitpunkt. In der ersten wirklich gef\u00e4hrliche Aktion der Deutschen flankte Gruda von der rechten Seite den Ball ins Zentrum, Weiper kam relativ frei zum Kopfball, traf den Ball aber nicht richtig und setzte den Ball ein paar Meter rechts neben das Tor.<\/p>\n<p class=\"textabsatz m-ten m-offset-one l-eight l-offset-two columns twelve\">\nNur eine Minute sp\u00e4ter, wieder Weiper: Nach einem Sprint erarbeitete er sich eine eigentlich gute Position, aber der Versuch den Ball aus spitzem Winkel von rechts auf Tresoldi querzulegen scheiterte, Albaniens Torh\u00fcter Aaron Jukaj machte sich lang und verhindert den Pass. So ging es trotz ansehnlicher Schlussphase mit 0:0 in die Halbzeitpause.<\/p>\n<p>    Zehn Wechsel in der Halbzeitpause<\/p>\n<p class=\"textabsatz m-ten m-offset-one l-eight l-offset-two columns twelve\">\nSchon vor der Partie hatte Trainer di Salvo angek\u00fcndigt, gro\u00dfz\u00fcgig durchwechseln zu wollen. Nur Mittelfeldstratege Umut Tohumcu (TSG Hoffenheim) blieb bei Wiederanpfiff auf dem Feld. Sechs U21-Nationalmannschaftsdeb\u00fctanten hatten jetzt die Chance sich zu zeigen: Aaron Zehnter (VfL Wolfsburg), Ilyas Ansah (Union Berlin), Dzenan Pejcinovic (VfL Wolfsburg), Muhammed Damar (TSG Hoffenheim), Noel Aseko (Hannover 96) und Mio Backhaus (Werder Bremen).<\/p>\n<p>    Zwei Deb\u00fctanten treffen zur F\u00fchrung<\/p>\n<p class=\"textabsatz m-ten m-offset-one l-eight l-offset-two columns twelve\">\nUnd sich zeigen, das tat Ilyas Ansah nach nur 2 Minuten und zehn Sekunden. Unions St\u00fcrmer, der beim Bundesliga-Auftakt gegen Stuttgart doppelt traf, brachte Deutschland in F\u00fchrung. Auf der Strafraumlinie gewann Damar einen Zweikampf, steckte den Ball durch auf Ansah, der mittig vor dem Tor von ungef\u00e4hr 17 Metern abzog und den Ball links in Eck knallte.<\/p>\n<p class=\"textabsatz m-ten m-offset-one l-eight l-offset-two columns twelve\">\nUnd auch der zweite Deb\u00fctant im Sturm trug sich in die Torsch\u00fctzenliste ein. Vier Minuten nach der 1:0-F\u00fchrung traf Pecinovic, der in dieser Saison in allen drei bisherigen Wolfsburger Pflichtspielen in der Startelf stand, nach perfekter Vorlage von Team-Kollege Zehnter zum 2:0.<\/p>\n<p class=\"textabsatz m-ten m-offset-one l-eight l-offset-two columns twelve\">\nAuch wenn es schien, als ob sich das deutsche Team zwischenzeitlich auf der F\u00fchrung ausruhte und Albanien wieder mehr ins Machen kam, gab das Team das Spiel nicht aus der Hand. Ein Torschuss von Alili in der 61. Minute blieb die einzige Aktion in der zweiten H\u00e4lfte, die Deutschland in Bedr\u00e4ngnis brachte. Fast w\u00e4re sogar ein drittes Tor drin gewesen: Aus zwanzig Metern zog Pejcinovic ab. Ein kraftvoller Schuss, der aber nur an der Latte landet.<\/p>\n<p>    Am Dienstag geht&#8217;s weiter<\/p>\n<p class=\"textabsatz m-ten m-offset-one l-eight l-offset-two columns twelve\">\nNachdem der alte Jahrgang um den EM-Torsch\u00fctzenk\u00f6nig Nick Woltemade bis zum Endspiel gegen England 20 Spiele nacheinander gewonnen hatte, starteten auch die Nachfolger vielversprechend. Vor allem die Schlussphase der ersten Halbzeit und der Start in die zweite H\u00e4lfte machen Mut im Hinblick auf die anstehende EM-Qualifikation. Am Dienstag (20.30 Uhr) wird es dort in Rostock gegen Lettland erstmals richtig ernst.<\/p>\n<p class=\"textabsatz m-ten m-offset-one l-eight l-offset-two columns twelve\">\nDie U21-Europameisterschaft findet im Sommer 2027 in Albanien und Serbien statt. In ihrer Qualifikationsgruppe trifft die deutsche Mannschaft als Favorit neben Lettland auf Georgien, Griechenland, Nordirland und Malta.<\/p>\n","protected":false},"excerpt":{"rendered":"Stand: 05.09.2025 20:53 Uhr Die deutsche U21-Nationalmannschaft hat die erste Partie mit dem neuen Jahrgang gewonnen. Die Auswahl&hellip;\n","protected":false},"author":2,"featured_media":399598,"comment_status":"","ping_status":"","sticky":false,"template":"","format":"standard","meta":{"footnotes":""},"categories":[2],"tags":[331,3924,332,3922,9237,3364,29,347,30,13,14,3923,15,3921,12,22156],"class_list":{"0":"post-399597","1":"post","2":"type-post","3":"status-publish","4":"format-standard","5":"has-post-thumbnail","7":"category-deutschland","8":"tag-aktuelle-nachrichten","9":"tag-aktuelle-nachrichten-aus-deutschland","10":"tag-aktuelle-news","11":"tag-aktuelle-news-aus-deutschland","12":"tag-albanien","13":"tag-de","14":"tag-deutschland","15":"tag-fussball","16":"tag-germany","17":"tag-headlines","18":"tag-nachrichten","19":"tag-nachrichten-aus-deutschland","20":"tag-news","21":"tag-news-aus-deutschland","22":"tag-schlagzeilen","23":"tag-u21"},"share_on_mastodon":{"url":"https:\/\/pubeurope.com\/@de\/115153451363232461","error":""},"_links":{"self":[{"href":"https:\/\/www.europesays.com\/de\/wp-json\/wp\/v2\/posts\/399597","targetHints":{"allow":["GET"]}}],"collection":[{"href":"https:\/\/www.europesays.com\/de\/wp-json\/wp\/v2\/posts"}],"about":[{"href":"https:\/\/www.europesays.com\/de\/wp-json\/wp\/v2\/types\/post"}],"author":[{"embeddable":true,"href":"https:\/\/www.europesays.com\/de\/wp-json\/wp\/v2\/users\/2"}],"replies":[{"embeddable":true,"href":"https:\/\/www.europesays.com\/de\/wp-json\/wp\/v2\/comments?post=399597"}],"version-history":[{"count":0,"href":"https:\/\/www.europesays.com\/de\/wp-json\/wp\/v2\/posts\/399597\/revisions"}],"wp:featuredmedia":[{"embeddable":true,"href":"https:\/\/www.europesays.com\/de\/wp-json\/wp\/v2\/media\/399598"}],"wp:attachment":[{"href":"https:\/\/www.europesays.com\/de\/wp-json\/wp\/v2\/media?parent=399597"}],"wp:term":[{"taxonomy":"category","embeddable":true,"href":"https:\/\/www.europesays.com\/de\/wp-json\/wp\/v2\/categories?post=399597"},{"taxonomy":"post_tag","embeddable":true,"href":"https:\/\/www.europesays.com\/de\/wp-json\/wp\/v2\/tags?post=399597"}],"curies":[{"name":"wp","href":"https:\/\/api.w.org\/{rel}","templated":true}]}}