{"id":399603,"date":"2025-09-05T19:58:16","date_gmt":"2025-09-05T19:58:16","guid":{"rendered":"https:\/\/www.europesays.com\/de\/399603\/"},"modified":"2025-09-05T19:58:16","modified_gmt":"2025-09-05T19:58:16","slug":"kultur-und-natur-an-einem-tag-jahresausflug-2025-der-kfd-herz-jesu-neumuehl","status":"publish","type":"post","link":"https:\/\/www.europesays.com\/de\/399603\/","title":{"rendered":"Kultur und Natur an einem Tag: Jahresausflug 2025 der kfd Herz-Jesu Neum\u00fchl"},"content":{"rendered":"<p>                    Besuch von Villa H\u00fcgel und Park<\/p>\n<p>Die katholische Frauengemeinschaft (kfd) Herz-Jesu Neum\u00fchl hat ihren diesj\u00e4hrigen Jahresausflug 2025 unternommen \u2013 Ziel war Essen mit der traditionsreichen Villa H\u00fcgel und dem idyllischen Baldeneysee.<\/p>\n<p>Gegen Mittag startete die gut gelaunte Gruppe mit dem Bus in Neum\u00fchl. Schon w\u00e4hrend der Fahrt herrschte heitere Stimmung, begleitet von angeregten Gespr\u00e4chen und Vorfreude auf das gemeinsame Erlebnis. An der Villa H\u00fcgel angekommen, hatte jede Teilnehmerin Zeit, das beeindruckende Geb\u00e4ude auf eigene Faust zu besichtigen oder durch den weitl\u00e4ufigen Park zu spazieren. Die prachtvolle Architektur, die besondere Atmosph\u00e4re des Hauses und die Ruhe der umliegenden Gr\u00fcnanlagen hinterlie\u00dfen bleibende Eindr\u00fccke.<\/p>\n<p>Schifffahrt mit Kaffee, Kuchen und geselligem Ausklang<\/p>\n<p>Im Anschluss f\u00fchrte die Fahrt an den Baldeneysee, wo eine gem\u00fctliche Schifffahrt auf dem Programm stand. Bei Sonnenschein und angenehmen Temperaturen genossen die Frauen nicht nur die entspannte Fahrt \u00fcber das Wasser, sondern auch eine gemeinsame Kaffeetafel an Bord. Frischer Kaffee und leckerer Kuchen sorgten f\u00fcr gute Laune, w\u00e4hrend der Blick \u00fcber den See und die umliegende Natur wanderte. Lachen, kleine Ges\u00e4nge und zahlreiche Erinnerungsfotos trugen zus\u00e4tzlich zur fr\u00f6hlichen Atmosph\u00e4re bei.<\/p>\n<p>Am Abend kehrte die Gruppe ins traditionsreiche \u201eWirtshaus zur Heimlichen Liebe\u201c ein, wo bereits ein gemeinsames Abendessen vorbereitet war. Anschlie\u00dfend ging es erf\u00fcllt von sch\u00f6nen Eindr\u00fccken und in fr\u00f6hlicher Runde zur\u00fcck nach Neum\u00fchl.<\/p>\n<p>Besonders erfreut waren die Teilnehmerinnen dar\u00fcber, dass Pater Tobias, Pr\u00e4ses der kfd Herz-Jesu, den gesamten Tag \u00fcber mit dabei war. Ein gelungener Ausflug voller Gemeinschaft, Freude und Dankbarkeit, der allen Frauen lange in Erinnerung bleiben wird.<\/p>\n<p>                <a id=\"like-anchor\"\/><\/p>\n<p>                    Dieser Inhalt gef\u00e4llt Ihnen?<\/p>\n<p>Melden Sie sich an, um diesen Inhalt mit \u00abGef\u00e4llt mir\u00bb zu markieren.<\/p>\n<p>            \u00d7<\/p>\n<p>        <a href=\"#\" data-trigger-click-on-space-or-enter=\"\" class=\"button ggm-like-button hollow\" title=\"Gef\u00e4llt mir\" data-open=\"like-conversion-68bb40d63a3e6\"><\/p>\n<p>        <\/a><\/p>\n<p>\n        Gef\u00e4llt <strong>1<\/strong> mal<br \/>\n        1\n    <\/p>\n<p>            <a href=\"https:\/\/www.lokalkompass.de\/duisburg\/profile-490825\/pater-tobias-breer\" class=\"stop-click-event-propagation\" rel=\"nofollow noopener\" target=\"_blank\">    <\/p>\n<p>                                                                            <img class=\"imagecontainer\" decoding=\"auto\" data-aspect-ratio=\"0.666666667\" src=\"https:\/\/media04.lokalkompass.de\/user\/2025\/07\/14\/5\/116215_L.webp?1752500045\" style=\"object-position: 54% 38%;\" data-object-position=\"54% 38%\" bad-src=\"data:image\/gif;base64,R0lGODlhAQABAIAAAAAAAP\/\/\/yH5BAEAAAAALAAAAAABAAEAAAIBRAA7\"\/><\/p>\n<p>        <\/a><\/p>\n<p>                    Sie m\u00f6chten diesem Profil folgen?<\/p>\n<p>Verpassen Sie nicht die neuesten Inhalte von diesem Profil: Melden Sie sich an, um neuen Inhalten von Profilen und Orten in Ihrem <strong>pers\u00f6nlichen Feed<\/strong> zu folgen.<\/p>\n<p>            \u00d7<\/p>\n<p>\n            <strong>Eine\/r<\/strong> folgt diesem Profil\n        <\/p>\n","protected":false},"excerpt":{"rendered":"Besuch von Villa H\u00fcgel und Park Die katholische Frauengemeinschaft (kfd) Herz-Jesu Neum\u00fchl hat ihren diesj\u00e4hrigen Jahresausflug 2025 unternommen&hellip;\n","protected":false},"author":2,"featured_media":399604,"comment_status":"","ping_status":"","sticky":false,"template":"","format":"standard","meta":{"footnotes":""},"categories":[1838],"tags":[3364,29,3715,30,1209],"class_list":{"0":"post-399603","1":"post","2":"type-post","3":"status-publish","4":"format-standard","5":"has-post-thumbnail","7":"category-duisburg","8":"tag-de","9":"tag-deutschland","10":"tag-duisburg","11":"tag-germany","12":"tag-nordrhein-westfalen"},"share_on_mastodon":{"url":"https:\/\/pubeurope.com\/@de\/115153463329879188","error":""},"_links":{"self":[{"href":"https:\/\/www.europesays.com\/de\/wp-json\/wp\/v2\/posts\/399603","targetHints":{"allow":["GET"]}}],"collection":[{"href":"https:\/\/www.europesays.com\/de\/wp-json\/wp\/v2\/posts"}],"about":[{"href":"https:\/\/www.europesays.com\/de\/wp-json\/wp\/v2\/types\/post"}],"author":[{"embeddable":true,"href":"https:\/\/www.europesays.com\/de\/wp-json\/wp\/v2\/users\/2"}],"replies":[{"embeddable":true,"href":"https:\/\/www.europesays.com\/de\/wp-json\/wp\/v2\/comments?post=399603"}],"version-history":[{"count":0,"href":"https:\/\/www.europesays.com\/de\/wp-json\/wp\/v2\/posts\/399603\/revisions"}],"wp:featuredmedia":[{"embeddable":true,"href":"https:\/\/www.europesays.com\/de\/wp-json\/wp\/v2\/media\/399604"}],"wp:attachment":[{"href":"https:\/\/www.europesays.com\/de\/wp-json\/wp\/v2\/media?parent=399603"}],"wp:term":[{"taxonomy":"category","embeddable":true,"href":"https:\/\/www.europesays.com\/de\/wp-json\/wp\/v2\/categories?post=399603"},{"taxonomy":"post_tag","embeddable":true,"href":"https:\/\/www.europesays.com\/de\/wp-json\/wp\/v2\/tags?post=399603"}],"curies":[{"name":"wp","href":"https:\/\/api.w.org\/{rel}","templated":true}]}}