{"id":399721,"date":"2025-09-05T21:00:31","date_gmt":"2025-09-05T21:00:31","guid":{"rendered":"https:\/\/www.europesays.com\/de\/399721\/"},"modified":"2025-09-05T21:00:31","modified_gmt":"2025-09-05T21:00:31","slug":"herford-recyclingboerse-nimmt-vorerst-keine-kleidung-mehr-an","status":"publish","type":"post","link":"https:\/\/www.europesays.com\/de\/399721\/","title":{"rendered":"Herford: Recyclingb\u00f6rse nimmt vorerst keine Kleidung mehr an"},"content":{"rendered":"<p>Die Recyclingb\u00f6rse Herford verh\u00e4ngt ein Aufnahme-Stopp von Textilien. Es gibt keine Lagerkapazit\u00e4ten mehr, au\u00dferdem fehlt es an Personal, sagt der Verein. Es w\u00fcrden noch rund 10.000 unsortierte Kleiders\u00e4cke da sein.\u00a0<\/p>\n<p>Regelung gilt erstmal bis Ende Oktober<\/p>\n<p>In den Filialen der Recyclingb\u00f6rse in B\u00fcnde, Herford und L\u00f6hne sowie und in den Cityl\u00e4den in Herford, Spenge und Bad Salzuflen werden keine Textilien mehr angenommen. Auch die Stra\u00dfensammlung parallel zur Papiertonne f\u00e4llt kreisweit aus. Der Annahmestopp gilt vom 15. September bis Ende Oktober.\u00a0 \u00a0<\/p>\n","protected":false},"excerpt":{"rendered":"Die Recyclingb\u00f6rse Herford verh\u00e4ngt ein Aufnahme-Stopp von Textilien. Es gibt keine Lagerkapazit\u00e4ten mehr, au\u00dferdem fehlt es an Personal,&hellip;\n","protected":false},"author":2,"featured_media":399722,"comment_status":"","ping_status":"","sticky":false,"template":"","format":"standard","meta":{"footnotes":""},"categories":[1841],"tags":[1605,3364,29,30,1209,106624],"class_list":{"0":"post-399721","1":"post","2":"type-post","3":"status-publish","4":"format-standard","5":"has-post-thumbnail","7":"category-bielefeld","8":"tag-bielefeld","9":"tag-de","10":"tag-deutschland","11":"tag-germany","12":"tag-nordrhein-westfalen","13":"tag-recyclingboerse-herford"},"share_on_mastodon":{"url":"https:\/\/pubeurope.com\/@de\/115153707529128212","error":""},"_links":{"self":[{"href":"https:\/\/www.europesays.com\/de\/wp-json\/wp\/v2\/posts\/399721","targetHints":{"allow":["GET"]}}],"collection":[{"href":"https:\/\/www.europesays.com\/de\/wp-json\/wp\/v2\/posts"}],"about":[{"href":"https:\/\/www.europesays.com\/de\/wp-json\/wp\/v2\/types\/post"}],"author":[{"embeddable":true,"href":"https:\/\/www.europesays.com\/de\/wp-json\/wp\/v2\/users\/2"}],"replies":[{"embeddable":true,"href":"https:\/\/www.europesays.com\/de\/wp-json\/wp\/v2\/comments?post=399721"}],"version-history":[{"count":0,"href":"https:\/\/www.europesays.com\/de\/wp-json\/wp\/v2\/posts\/399721\/revisions"}],"wp:featuredmedia":[{"embeddable":true,"href":"https:\/\/www.europesays.com\/de\/wp-json\/wp\/v2\/media\/399722"}],"wp:attachment":[{"href":"https:\/\/www.europesays.com\/de\/wp-json\/wp\/v2\/media?parent=399721"}],"wp:term":[{"taxonomy":"category","embeddable":true,"href":"https:\/\/www.europesays.com\/de\/wp-json\/wp\/v2\/categories?post=399721"},{"taxonomy":"post_tag","embeddable":true,"href":"https:\/\/www.europesays.com\/de\/wp-json\/wp\/v2\/tags?post=399721"}],"curies":[{"name":"wp","href":"https:\/\/api.w.org\/{rel}","templated":true}]}}