{"id":39984,"date":"2025-04-17T20:55:11","date_gmt":"2025-04-17T20:55:11","guid":{"rendered":"https:\/\/www.europesays.com\/de\/39984\/"},"modified":"2025-04-17T20:55:11","modified_gmt":"2025-04-17T20:55:11","slug":"sc-magdeburg-siegt-ohne-glanz-gegen-stuttgart","status":"publish","type":"post","link":"https:\/\/www.europesays.com\/de\/39984\/","title":{"rendered":"SC Magdeburg siegt ohne Glanz gegen Stuttgart"},"content":{"rendered":"<p>Z\u00e4her erster Durchgang<\/p>\n<p class=\"text\">\nMagdeburg agierte in der ersten Halbzeit ungewohnt fehlerhaft und kam nur schleppend ins Spiel. Erst nach f\u00fcnf Minuten gelang Magnus Saugstrup der erste Treffer. Allerdings tat sich auch Stuttgart im Angriff enorm schwer und scheiterte zudem immer wieder am erneut gl\u00e4nzend aufgelegten Hernandez.\n<\/p>\n<p class=\"text\">\nErst nach dem fr\u00fchen Platzverweis f\u00fcr den ehemaligen DHB-Auswahlspieler Kai H\u00e4fner, der den k\u00fcnftigen Stuttgarter Antonio Serradilla mit der Hand im Gesicht getroffen hatte, schlug das Momentum mehr und mehr f\u00fcr den SCM aus. Zwar fehlte weiter die gewohnte Leichtigkeit in den Abschl\u00fcssen, weil aber auch Stuttgart offensiv viel zu harmlos agierte, ging Magdeburg, angef\u00fchrt von Kapit\u00e4n Musche, mit einem kleinen Polster in die Pause.\n<\/p>\n<p>SCM brilliert in der Schlussphase<\/p>\n<p class=\"text\">\nAuch nach dem Wiederanpfiff hatte der Gastgeber zun\u00e4chst keine M\u00fche, den Vorsprung zu verteidigen. Stuttgarts Trainer J\u00fcrgen Schweikardt brachte immer wieder einen zus\u00e4tzlichen Feldspieler auf Kosten des Torh\u00fcters. Das Risiko machte sich aber nicht bezahlt. Es fehlten weiterhin die L\u00f6sungen gegen die kompakte Abwehr des SCM, der seine Chancen nun wiederum konsequent nutzte.\n<\/p>\n<p class=\"text\">\nAllen voran Philipp Weber drehte nach einer etwas gl\u00fccklosen ersten H\u00e4lfte auf und traf verl\u00e4sslich. Sp\u00e4testens nach dem 3:0-Lauf zum 26:18 war das Spiel gelaufen. Stuttgart kam offensiv kaum noch zum Zug und leistete sich zudem haarstr\u00e4ubende Ballverluste. So hatte der SCM in der Schlussphase leichtes Spiel, das Ergebnis in die H\u00f6he zu schrauben.<\/p>\n","protected":false},"excerpt":{"rendered":"Z\u00e4her erster Durchgang Magdeburg agierte in der ersten Halbzeit ungewohnt fehlerhaft und kam nur schleppend ins Spiel. Erst&hellip;\n","protected":false},"author":2,"featured_media":39985,"comment_status":"","ping_status":"","sticky":false,"template":"","format":"standard","meta":{"footnotes":"","_share_on_mastodon":"0"},"categories":[1830],"tags":[1634,9381,3364,29,30,1391,7403,5009,20595,20455,4063,81,20593,20594,9378,9379,20592,3499,265,3498,1441,7401],"class_list":["post-39984","post","type-post","status-publish","format-standard","has-post-thumbnail","category-stuttgart","tag-baden-wuerttemberg","tag-bennet-wiegert","tag-de","tag-deutschland","tag-germany","tag-handball","tag-handball-bundesliga","tag-hbl","tag-jens-buerkle","tag-kai-haefner","tag-magdeburg","tag-mdr","tag-omar-ingi-magnusson","tag-philipp-weber","tag-sc-magdeburg","tag-scm","tag-sergey-hernandez","tag-spio","tag-sport","tag-sport-im-osten","tag-stuttgart","tag-tvb-stuttgart"],"share_on_mastodon":{"url":"https:\/\/pubeurope.com\/@de\/114355301437116043","error":""},"_links":{"self":[{"href":"https:\/\/www.europesays.com\/de\/wp-json\/wp\/v2\/posts\/39984","targetHints":{"allow":["GET"]}}],"collection":[{"href":"https:\/\/www.europesays.com\/de\/wp-json\/wp\/v2\/posts"}],"about":[{"href":"https:\/\/www.europesays.com\/de\/wp-json\/wp\/v2\/types\/post"}],"author":[{"embeddable":true,"href":"https:\/\/www.europesays.com\/de\/wp-json\/wp\/v2\/users\/2"}],"replies":[{"embeddable":true,"href":"https:\/\/www.europesays.com\/de\/wp-json\/wp\/v2\/comments?post=39984"}],"version-history":[{"count":0,"href":"https:\/\/www.europesays.com\/de\/wp-json\/wp\/v2\/posts\/39984\/revisions"}],"wp:featuredmedia":[{"embeddable":true,"href":"https:\/\/www.europesays.com\/de\/wp-json\/wp\/v2\/media\/39985"}],"wp:attachment":[{"href":"https:\/\/www.europesays.com\/de\/wp-json\/wp\/v2\/media?parent=39984"}],"wp:term":[{"taxonomy":"category","embeddable":true,"href":"https:\/\/www.europesays.com\/de\/wp-json\/wp\/v2\/categories?post=39984"},{"taxonomy":"post_tag","embeddable":true,"href":"https:\/\/www.europesays.com\/de\/wp-json\/wp\/v2\/tags?post=39984"}],"curies":[{"name":"wp","href":"https:\/\/api.w.org\/{rel}","templated":true}]}}